{"id":2453,"date":"2015-02-20T16:16:48","date_gmt":"2015-02-20T12:16:48","guid":{"rendered":"http:\/\/www.odpod.se\/?p=2453"},"modified":"2015-02-20T16:17:56","modified_gmt":"2015-02-20T12:17:56","slug":"kort-paus-for-odpod","status":"publish","type":"post","link":"https:\/\/www.odpod.se\/index.php\/2015\/02\/kort-paus-for-odpod\/","title":{"rendered":"kort paus f\u00f6r odpod"},"content":{"rendered":"<p><u><b>2015-02-20:<\/u><\/b> Hej! Vi m\u00e5ste tyv\u00e4rr k\u00f6ra en kortare paus i podden pga jag (Billy) har f\u00e5tt en liten dotter. Men jag hoppas vara tillbaka p\u00e5 banan inom kort s\u00e5 h\u00e5ll ut bara s\u00e5 \u00e4r vi snart i den virtuella etern igen. Det g\u00e5r ju alltid att lyssna in n\u00e5got gammalt g\u00f6tt <a href=\"http:\/\/www.odpod.se\/index.php\/specialavsnitt\/\" target=\"_blank\">specialavsnitt<\/a> under tiden. Ha det fint! Stay safe in the wasteland!<\/p>\n","protected":false},"excerpt":{"rendered":"<p>2015-02-20: Hej! Vi m\u00e5ste tyv\u00e4rr k\u00f6ra en kortare paus i podden pga jag (Billy) har f\u00e5tt en liten dotter. Men jag hoppas vara tillbaka p\u00e5 banan inom kort s\u00e5 h\u00e5ll ut bara s\u00e5 \u00e4r vi snart i den virtuella etern igen. Det g\u00e5r ju alltid att lyssna in n\u00e5got gammalt g\u00f6tt specialavsnitt under tiden. Ha [&hellip;]<\/p>\n","protected":false},"author":3,"featured_media":0,"comment_status":"open","ping_status":"open","sticky":false,"template":"","format":"standard","meta":{"_genesis_hide_title":false,"_genesis_hide_breadcrumbs":false,"_genesis_hide_singular_image":false,"_genesis_hide_footer_widgets":false,"_genesis_custom_body_class":"","_genesis_custom_post_class":"","_genesis_layout":"","footnotes":""},"categories":[3],"tags":[],"class_list":["post-2453","post","type-post","status-publish","format-standard","category-annat","entry"],"aioseo_notices":[],"aioseo_head":"\n\t\t<!-- All in One SEO 5.0.1.1 - aioseo.com -->\n\t<meta name=\"description\" content=\"2015-02-20: Hej! Vi m\u00e5ste tyv\u00e4rr k\u00f6ra en kortare paus i podden pga jag (Billy) har f\u00e5tt en liten dotter. Men jag hoppas vara tillbaka p\u00e5 banan inom kort s\u00e5 h\u00e5ll ut bara s\u00e5 \u00e4r vi snart i den virtuella etern igen. Det g\u00e5r ju alltid att lyssna in n\u00e5got gammalt g\u00f6tt specialavsnitt under tiden. Ha\" \/>\n\t<meta name=\"robots\" content=\"max-image-preview:large\" \/>\n\t<meta name=\"author\" content=\"Fixaren2\"\/>\n\t<link rel=\"canonical\" href=\"https:\/\/www.odpod.se\/index.php\/2015\/02\/kort-paus-for-odpod\/\" \/>\n\t<meta name=\"generator\" content=\"All in One SEO (AIOSEO) 5.0.1.1\" \/>\n\t\t<meta property=\"og:locale\" content=\"sv_SE\" \/>\n\t\t<meta property=\"og:site_name\" content=\"Obiter Dictum podcast\" \/>\n\t\t<meta property=\"og:type\" content=\"article\" \/>\n\t\t<meta property=\"og:title\" content=\"kort paus f\u00f6r odpod | Obiter Dictum podcast\" \/>\n\t\t<meta property=\"og:description\" content=\"2015-02-20: Hej! Vi m\u00e5ste tyv\u00e4rr k\u00f6ra en kortare paus i podden pga jag (Billy) har f\u00e5tt en liten dotter. Men jag hoppas vara tillbaka p\u00e5 banan inom kort s\u00e5 h\u00e5ll ut bara s\u00e5 \u00e4r vi snart i den virtuella etern igen. Det g\u00e5r ju alltid att lyssna in n\u00e5got gammalt g\u00f6tt specialavsnitt under tiden. Ha\" \/>\n\t\t<meta property=\"og:url\" content=\"https:\/\/www.odpod.se\/index.php\/2015\/02\/kort-paus-for-odpod\/\" \/>\n\t\t<meta property=\"article:published_time\" content=\"2015-02-20T12:16:48+00:00\" \/>\n\t\t<meta property=\"article:modified_time\" content=\"2015-02-20T12:17:56+00:00\" \/>\n\t\t<meta name=\"twitter:card\" content=\"summary_large_image\" \/>\n\t\t<meta name=\"twitter:site\" content=\"@odpodcast\" \/>\n\t\t<meta name=\"twitter:title\" content=\"kort paus f\u00f6r odpod | Obiter Dictum podcast\" \/>\n\t\t<meta name=\"twitter:description\" content=\"2015-02-20: Hej! Vi m\u00e5ste tyv\u00e4rr k\u00f6ra en kortare paus i podden pga jag (Billy) har f\u00e5tt en liten dotter. Men jag hoppas vara tillbaka p\u00e5 banan inom kort s\u00e5 h\u00e5ll ut bara s\u00e5 \u00e4r vi snart i den virtuella etern igen. Det g\u00e5r ju alltid att lyssna in n\u00e5got gammalt g\u00f6tt specialavsnitt under tiden. Ha\" \/>\n\t\t<script type=\"application\/ld+json\" class=\"aioseo-schema\">\n\t\t\t{\"@context\":\"https:\\\/\\\/schema.org\",\"@graph\":[{\"@type\":\"Article\",\"@id\":\"https:\\\/\\\/www.odpod.se\\\/index.php\\\/2015\\\/02\\\/kort-paus-for-odpod\\\/#article\",\"name\":\"kort paus f\\u00f6r odpod | Obiter Dictum podcast\",\"headline\":\"kort paus f\\u00f6r odpod\",\"author\":{\"@id\":\"https:\\\/\\\/www.odpod.se\\\/index.php\\\/author\\\/fixaren2\\\/#author\"},\"publisher\":{\"@id\":\"https:\\\/\\\/www.odpod.se\\\/#organization\"},\"datePublished\":\"2015-02-20T16:16:48+01:00\",\"dateModified\":\"2015-02-20T16:17:56+01:00\",\"inLanguage\":\"sv-SE\",\"commentCount\":10,\"mainEntityOfPage\":{\"@id\":\"https:\\\/\\\/www.odpod.se\\\/index.php\\\/2015\\\/02\\\/kort-paus-for-odpod\\\/#webpage\"},\"isPartOf\":{\"@id\":\"https:\\\/\\\/www.odpod.se\\\/index.php\\\/2015\\\/02\\\/kort-paus-for-odpod\\\/#webpage\"},\"articleSection\":\"Annat\"},{\"@type\":\"BreadcrumbList\",\"@id\":\"https:\\\/\\\/www.odpod.se\\\/index.php\\\/2015\\\/02\\\/kort-paus-for-odpod\\\/#breadcrumblist\",\"itemListElement\":[{\"@type\":\"ListItem\",\"@id\":\"https:\\\/\\\/www.odpod.se#listItem\",\"position\":1,\"name\":\"Home\",\"item\":\"https:\\\/\\\/www.odpod.se\",\"nextItem\":{\"@type\":\"ListItem\",\"@id\":\"https:\\\/\\\/www.odpod.se\\\/index.php\\\/category\\\/annat\\\/#listItem\",\"name\":\"Annat\"}},{\"@type\":\"ListItem\",\"@id\":\"https:\\\/\\\/www.odpod.se\\\/index.php\\\/category\\\/annat\\\/#listItem\",\"position\":2,\"name\":\"Annat\",\"item\":\"https:\\\/\\\/www.odpod.se\\\/index.php\\\/category\\\/annat\\\/\",\"nextItem\":{\"@type\":\"ListItem\",\"@id\":\"https:\\\/\\\/www.odpod.se\\\/index.php\\\/2015\\\/02\\\/kort-paus-for-odpod\\\/#listItem\",\"name\":\"kort paus f\\u00f6r odpod\"},\"previousItem\":{\"@type\":\"ListItem\",\"@id\":\"https:\\\/\\\/www.odpod.se#listItem\",\"name\":\"Home\"}},{\"@type\":\"ListItem\",\"@id\":\"https:\\\/\\\/www.odpod.se\\\/index.php\\\/2015\\\/02\\\/kort-paus-for-odpod\\\/#listItem\",\"position\":3,\"name\":\"kort paus f\\u00f6r odpod\",\"previousItem\":{\"@type\":\"ListItem\",\"@id\":\"https:\\\/\\\/www.odpod.se\\\/index.php\\\/category\\\/annat\\\/#listItem\",\"name\":\"Annat\"}}]},{\"@type\":\"Organization\",\"@id\":\"https:\\\/\\\/www.odpod.se\\\/#organization\",\"name\":\"Obiter Dictum podcast\",\"url\":\"https:\\\/\\\/www.odpod.se\\\/\"},{\"@type\":\"Person\",\"@id\":\"https:\\\/\\\/www.odpod.se\\\/index.php\\\/author\\\/fixaren2\\\/#author\",\"url\":\"https:\\\/\\\/www.odpod.se\\\/index.php\\\/author\\\/fixaren2\\\/\",\"name\":\"Fixaren2\",\"image\":{\"@type\":\"ImageObject\",\"@id\":\"https:\\\/\\\/www.odpod.se\\\/index.php\\\/2015\\\/02\\\/kort-paus-for-odpod\\\/#authorImage\",\"url\":\"https:\\\/\\\/secure.gravatar.com\\\/avatar\\\/2cee20f4abd26bfd33e38d326635e432ce1bbd3f11f30e93eddde6b56b6c14f8?s=96&d=mm&r=g\",\"width\":96,\"height\":96,\"caption\":\"Fixaren2\"}},{\"@type\":\"WebPage\",\"@id\":\"https:\\\/\\\/www.odpod.se\\\/index.php\\\/2015\\\/02\\\/kort-paus-for-odpod\\\/#webpage\",\"url\":\"https:\\\/\\\/www.odpod.se\\\/index.php\\\/2015\\\/02\\\/kort-paus-for-odpod\\\/\",\"name\":\"kort paus f\\u00f6r odpod | Obiter Dictum podcast\",\"description\":\"2015-02-20: Hej! Vi m\\u00e5ste tyv\\u00e4rr k\\u00f6ra en kortare paus i podden pga jag (Billy) har f\\u00e5tt en liten dotter. Men jag hoppas vara tillbaka p\\u00e5 banan inom kort s\\u00e5 h\\u00e5ll ut bara s\\u00e5 \\u00e4r vi snart i den virtuella etern igen. Det g\\u00e5r ju alltid att lyssna in n\\u00e5got gammalt g\\u00f6tt specialavsnitt under tiden. Ha\",\"inLanguage\":\"sv-SE\",\"isPartOf\":{\"@id\":\"https:\\\/\\\/www.odpod.se\\\/#website\"},\"breadcrumb\":{\"@id\":\"https:\\\/\\\/www.odpod.se\\\/index.php\\\/2015\\\/02\\\/kort-paus-for-odpod\\\/#breadcrumblist\"},\"author\":{\"@id\":\"https:\\\/\\\/www.odpod.se\\\/index.php\\\/author\\\/fixaren2\\\/#author\"},\"creator\":{\"@id\":\"https:\\\/\\\/www.odpod.se\\\/index.php\\\/author\\\/fixaren2\\\/#author\"},\"datePublished\":\"2015-02-20T16:16:48+01:00\",\"dateModified\":\"2015-02-20T16:17:56+01:00\"},{\"@type\":\"WebSite\",\"@id\":\"https:\\\/\\\/www.odpod.se\\\/#website\",\"url\":\"https:\\\/\\\/www.odpod.se\\\/\",\"name\":\"Obiter Dictum podcast\",\"inLanguage\":\"sv-SE\",\"publisher\":{\"@id\":\"https:\\\/\\\/www.odpod.se\\\/#organization\"}}]}\n\t\t<\/script>\n\t\t<!-- All in One SEO -->\n\n","aioseo_head_json":{"title":"kort paus f\u00f6r odpod | Obiter Dictum podcast","description":"2015-02-20: Hej! Vi m\u00e5ste tyv\u00e4rr k\u00f6ra en kortare paus i podden pga jag (Billy) har f\u00e5tt en liten dotter. Men jag hoppas vara tillbaka p\u00e5 banan inom kort s\u00e5 h\u00e5ll ut bara s\u00e5 \u00e4r vi snart i den virtuella etern igen. Det g\u00e5r ju alltid att lyssna in n\u00e5got gammalt g\u00f6tt specialavsnitt under tiden. Ha","canonical_url":"https:\/\/www.odpod.se\/index.php\/2015\/02\/kort-paus-for-odpod\/","robots":"max-image-preview:large","keywords":"","webmasterTools":{"miscellaneous":""},"schema":{"@context":"https:\/\/schema.org","@graph":[{"@type":"Article","@id":"https:\/\/www.odpod.se\/index.php\/2015\/02\/kort-paus-for-odpod\/#article","name":"kort paus f\u00f6r odpod | Obiter Dictum podcast","headline":"kort paus f\u00f6r odpod","author":{"@id":"https:\/\/www.odpod.se\/index.php\/author\/fixaren2\/#author"},"publisher":{"@id":"https:\/\/www.odpod.se\/#organization"},"datePublished":"2015-02-20T16:16:48+01:00","dateModified":"2015-02-20T16:17:56+01:00","inLanguage":"sv-SE","commentCount":10,"mainEntityOfPage":{"@id":"https:\/\/www.odpod.se\/index.php\/2015\/02\/kort-paus-for-odpod\/#webpage"},"isPartOf":{"@id":"https:\/\/www.odpod.se\/index.php\/2015\/02\/kort-paus-for-odpod\/#webpage"},"articleSection":"Annat"},{"@type":"BreadcrumbList","@id":"https:\/\/www.odpod.se\/index.php\/2015\/02\/kort-paus-for-odpod\/#breadcrumblist","itemListElement":[{"@type":"ListItem","@id":"https:\/\/www.odpod.se#listItem","position":1,"name":"Home","item":"https:\/\/www.odpod.se","nextItem":{"@type":"ListItem","@id":"https:\/\/www.odpod.se\/index.php\/category\/annat\/#listItem","name":"Annat"}},{"@type":"ListItem","@id":"https:\/\/www.odpod.se\/index.php\/category\/annat\/#listItem","position":2,"name":"Annat","item":"https:\/\/www.odpod.se\/index.php\/category\/annat\/","nextItem":{"@type":"ListItem","@id":"https:\/\/www.odpod.se\/index.php\/2015\/02\/kort-paus-for-odpod\/#listItem","name":"kort paus f\u00f6r odpod"},"previousItem":{"@type":"ListItem","@id":"https:\/\/www.odpod.se#listItem","name":"Home"}},{"@type":"ListItem","@id":"https:\/\/www.odpod.se\/index.php\/2015\/02\/kort-paus-for-odpod\/#listItem","position":3,"name":"kort paus f\u00f6r odpod","previousItem":{"@type":"ListItem","@id":"https:\/\/www.odpod.se\/index.php\/category\/annat\/#listItem","name":"Annat"}}]},{"@type":"Organization","@id":"https:\/\/www.odpod.se\/#organization","name":"Obiter Dictum podcast","url":"https:\/\/www.odpod.se\/"},{"@type":"Person","@id":"https:\/\/www.odpod.se\/index.php\/author\/fixaren2\/#author","url":"https:\/\/www.odpod.se\/index.php\/author\/fixaren2\/","name":"Fixaren2","image":{"@type":"ImageObject","@id":"https:\/\/www.odpod.se\/index.php\/2015\/02\/kort-paus-for-odpod\/#authorImage","url":"https:\/\/secure.gravatar.com\/avatar\/2cee20f4abd26bfd33e38d326635e432ce1bbd3f11f30e93eddde6b56b6c14f8?s=96&d=mm&r=g","width":96,"height":96,"caption":"Fixaren2"}},{"@type":"WebPage","@id":"https:\/\/www.odpod.se\/index.php\/2015\/02\/kort-paus-for-odpod\/#webpage","url":"https:\/\/www.odpod.se\/index.php\/2015\/02\/kort-paus-for-odpod\/","name":"kort paus f\u00f6r odpod | Obiter Dictum podcast","description":"2015-02-20: Hej! Vi m\u00e5ste tyv\u00e4rr k\u00f6ra en kortare paus i podden pga jag (Billy) har f\u00e5tt en liten dotter. Men jag hoppas vara tillbaka p\u00e5 banan inom kort s\u00e5 h\u00e5ll ut bara s\u00e5 \u00e4r vi snart i den virtuella etern igen. Det g\u00e5r ju alltid att lyssna in n\u00e5got gammalt g\u00f6tt specialavsnitt under tiden. Ha","inLanguage":"sv-SE","isPartOf":{"@id":"https:\/\/www.odpod.se\/#website"},"breadcrumb":{"@id":"https:\/\/www.odpod.se\/index.php\/2015\/02\/kort-paus-for-odpod\/#breadcrumblist"},"author":{"@id":"https:\/\/www.odpod.se\/index.php\/author\/fixaren2\/#author"},"creator":{"@id":"https:\/\/www.odpod.se\/index.php\/author\/fixaren2\/#author"},"datePublished":"2015-02-20T16:16:48+01:00","dateModified":"2015-02-20T16:17:56+01:00"},{"@type":"WebSite","@id":"https:\/\/www.odpod.se\/#website","url":"https:\/\/www.odpod.se\/","name":"Obiter Dictum podcast","inLanguage":"sv-SE","publisher":{"@id":"https:\/\/www.odpod.se\/#organization"}}]},"og:locale":"sv_SE","og:site_name":"Obiter Dictum podcast","og:type":"article","og:title":"kort paus f\u00f6r odpod | Obiter Dictum podcast","og:description":"2015-02-20: Hej! Vi m\u00e5ste tyv\u00e4rr k\u00f6ra en kortare paus i podden pga jag (Billy) har f\u00e5tt en liten dotter. Men jag hoppas vara tillbaka p\u00e5 banan inom kort s\u00e5 h\u00e5ll ut bara s\u00e5 \u00e4r vi snart i den virtuella etern igen. Det g\u00e5r ju alltid att lyssna in n\u00e5got gammalt g\u00f6tt specialavsnitt under tiden. Ha","og:url":"https:\/\/www.odpod.se\/index.php\/2015\/02\/kort-paus-for-odpod\/","article:published_time":"2015-02-20T12:16:48+00:00","article:modified_time":"2015-02-20T12:17:56+00:00","twitter:card":"summary_large_image","twitter:site":"@odpodcast","twitter:title":"kort paus f\u00f6r odpod | Obiter Dictum podcast","twitter:description":"2015-02-20: Hej! Vi m\u00e5ste tyv\u00e4rr k\u00f6ra en kortare paus i podden pga jag (Billy) har f\u00e5tt en liten dotter. Men jag hoppas vara tillbaka p\u00e5 banan inom kort s\u00e5 h\u00e5ll ut bara s\u00e5 \u00e4r vi snart i den virtuella etern igen. Det g\u00e5r ju alltid att lyssna in n\u00e5got gammalt g\u00f6tt specialavsnitt under tiden. Ha"},"aioseo_meta_data":{"post_id":"2453","title":null,"description":null,"keywords":null,"keyphrases":null,"primary_term":null,"canonical_url":null,"og_title":null,"og_description":null,"og_object_type":"default","og_image_type":"default","og_image_url":null,"og_image_width":null,"og_image_height":null,"og_image_custom_url":null,"og_image_custom_fields":null,"og_video":null,"og_custom_url":null,"og_article_section":null,"og_article_tags":null,"twitter_use_og":false,"twitter_card":"default","twitter_image_type":"default","twitter_image_url":null,"twitter_image_custom_url":null,"twitter_image_custom_fields":null,"twitter_title":null,"twitter_description":null,"schema":{"blockGraphs":[],"customGraphs":[],"default":{"data":{"Article":[],"Course":[],"Dataset":[],"FAQPage":[],"Movie":[],"Person":[],"Product":[],"ProductReview":[],"Car":[],"Recipe":[],"Service":[],"SoftwareApplication":[],"WebPage":[]},"graphName":"Article","isEnabled":true},"graphs":[]},"schema_type":null,"schema_type_options":null,"pillar_content":false,"robots_default":true,"robots_noindex":false,"robots_noarchive":false,"robots_nosnippet":false,"robots_nofollow":false,"robots_noimageindex":false,"robots_noodp":false,"robots_notranslate":false,"robots_max_snippet":null,"robots_max_videopreview":null,"robots_max_imagepreview":"large","priority":null,"frequency":null,"location":null,"local_seo":null,"breadcrumb_settings":null,"limit_modified_date":false,"created":"2021-04-01 21:19:04","updated":"2023-03-22 21:23:35","ai":null,"seo_analyzer_scan_date":null,"focus_keyword":null,"additional_keywords":null,"truseo_locale":null},"aioseo_breadcrumb":"<div class=\"aioseo-breadcrumbs\"><span class=\"aioseo-breadcrumb\">\n\t\t\t<a href=\"https:\/\/www.odpod.se\" title=\"Home\">Home<\/a>\n\t\t<\/span><span class=\"aioseo-breadcrumb-separator\">&raquo;<\/span><span class=\"aioseo-breadcrumb\">\n\t\t\t<a href=\"https:\/\/www.odpod.se\/index.php\/category\/annat\/\" title=\"Annat\">Annat<\/a>\n\t\t<\/span><span class=\"aioseo-breadcrumb-separator\">&raquo;<\/span><span class=\"aioseo-breadcrumb\">\n\t\t\tkort paus f\u00f6r odpod\n\t\t<\/span><\/div>","aioseo_breadcrumb_json":[{"label":"Home","link":"https:\/\/www.odpod.se"},{"label":"Annat","link":"https:\/\/www.odpod.se\/index.php\/category\/annat\/"},{"label":"kort paus f\u00f6r odpod","link":"https:\/\/www.odpod.se\/index.php\/2015\/02\/kort-paus-for-odpod\/"}],"_links":{"self":[{"href":"https:\/\/www.odpod.se\/index.php\/wp-json\/wp\/v2\/posts\/2453","targetHints":{"allow":["GET"]}}],"collection":[{"href":"https:\/\/www.odpod.se\/index.php\/wp-json\/wp\/v2\/posts"}],"about":[{"href":"https:\/\/www.odpod.se\/index.php\/wp-json\/wp\/v2\/types\/post"}],"author":[{"embeddable":true,"href":"https:\/\/www.odpod.se\/index.php\/wp-json\/wp\/v2\/users\/3"}],"replies":[{"embeddable":true,"href":"https:\/\/www.odpod.se\/index.php\/wp-json\/wp\/v2\/comments?post=2453"}],"version-history":[{"count":1,"href":"https:\/\/www.odpod.se\/index.php\/wp-json\/wp\/v2\/posts\/2453\/revisions"}],"predecessor-version":[{"id":2454,"href":"https:\/\/www.odpod.se\/index.php\/wp-json\/wp\/v2\/posts\/2453\/revisions\/2454"}],"wp:attachment":[{"href":"https:\/\/www.odpod.se\/index.php\/wp-json\/wp\/v2\/media?parent=2453"}],"wp:term":[{"taxonomy":"category","embeddable":true,"href":"https:\/\/www.odpod.se\/index.php\/wp-json\/wp\/v2\/categories?post=2453"},{"taxonomy":"post_tag","embeddable":true,"href":"https:\/\/www.odpod.se\/index.php\/wp-json\/wp\/v2\/tags?post=2453"}],"curies":[{"name":"wp","href":"https:\/\/api.w.org\/{rel}","templated":true}]}}