{"id":2354,"date":"2014-09-26T00:05:35","date_gmt":"2014-09-25T20:05:35","guid":{"rendered":"http:\/\/www.odpod.se\/?p=2354"},"modified":"2014-09-25T23:52:39","modified_gmt":"2014-09-25T19:52:39","slug":"podcast-146-tusk-kevin-smith","status":"publish","type":"post","link":"https:\/\/www.odpod.se\/index.php\/2014\/09\/podcast-146-tusk-kevin-smith\/","title":{"rendered":"Podcast #146: &#8221;En itch som m\u00e5ste scratchas&#8221;"},"content":{"rendered":"<p><img loading=\"lazy\" decoding=\"async\" src=\"http:\/\/www.odpod.se\/wp-content\/uploads\/2014\/09\/valross-670x223.jpg\" alt=\"Valross\" width=\"670\" height=\"223\" class=\"alignnone size-large wp-image-2355\" srcset=\"https:\/\/www.odpod.se\/wp-content\/uploads\/2014\/09\/valross-670x223.jpg 670w, https:\/\/www.odpod.se\/wp-content\/uploads\/2014\/09\/valross-150x50.jpg 150w, https:\/\/www.odpod.se\/wp-content\/uploads\/2014\/09\/valross.jpg 720w\" sizes=\"auto, (max-width: 670px) 100vw, 670px\" \/><br \/>\n<b><u>2014-09-26:<\/b><\/u> Kevin Smith sa att han gick i pension men \u00e4r \u00e4nd\u00e5 aktuell med nya filmen \u00bbTusk\u00ab, en film som tog sin b\u00f6rjan med ett podcastsnack. Varf\u00f6r pensionerar sig kulturskapare till h\u00f6ger och v\u00e4nster bara f\u00f6r att g\u00f6ra comeback? Hur viktigt \u00e4r det att l\u00e4gga av i tid? Medverkar i avsnittet g\u00f6r <strong>Tobias Norstr\u00f6m<\/strong> och <strong>Billy Rimgard<\/strong>. <\/p>\n<p><strong><a href=\"http:\/\/www.odpod.se\/pod\/Odpod_146_20140926.mp3\">Ladda ner som mp3<\/a><br \/>\n<a href=\"http:\/\/phobos.apple.com\/WebObjects\/MZStore.woa\/wa\/viewPodcast?id=362341950\">Prenumerera via iTunes<\/a>.<br \/>\n<a href=\"http:\/\/odpod.no-ip.org\/odpod.xml\" target=\"_blank\">Prenumerera i annat program (RSS).<\/a><\/strong><\/p>\n<p>Lyssna direkt:<br \/>\n<audio class=\"wp-audio-shortcode\" id=\"audio-2354-1\" preload=\"none\" style=\"width: 100%;\" controls=\"controls\"><source type=\"audio\/mpeg\" src=\"http:\/\/www.odpod.se\/pod\/Odpod_146_20140926.mp3?_=1\" \/><a href=\"http:\/\/www.odpod.se\/pod\/Odpod_146_20140926.mp3\">http:\/\/www.odpod.se\/pod\/Odpod_146_20140926.mp3<\/a><\/audio><\/p>\n<p><!--more--><\/p>\n<p><a href=\"http:\/\/www.facebook.com\/odpod\/\" target=\"_blank\">F\u00f6lj oss p\u00e5 Facebook<\/a><\/p>\n<p><u><b>AVSNITTETS L\u00c4NKAR<\/b><\/u>:<\/p>\n<p>Id\u00e9n till filmen \u00bbTusk\u00ab f\u00f6ddes i <a href=\"https:\/\/www.youtube.com\/watch?v=BlogYFF_jEU\" target=\"_blank\">SModcast 259: The Walrus and the Carpenter<\/a>. Odpod snuddade vid ett filmsynopsis i <a href=\"http:\/\/www.odpod.se\/index.php\/2012\/03\/podcast-65-highway-hostages\/\" target=\"_blank\">avsnitt 65: \u00bbHighway Hostages\u00ab<\/a>. Bengan Draxxors kommentar ang\u00e5ende \u00bbact your age\u00ab finns <a href=\"http:\/\/www.odpod.se\/index.php\/2014\/09\/podcast-145-act-your-age\/#comment-1597816487\" target=\"_blank\">h\u00e4r<\/a>. Znyder och Abrams \u00e4r i <a href=\"http:\/\/io9.com\/j-j-abrams-reveals-his-millennium-falcon-calls-batmob-1636418918\" target=\"_blank\">ploj-PR-krig<\/a>. Billys <a href=\"http:\/\/sverigesradio.se\/sida\/avsnitt\/362104?programid=4067\" target=\"_blank\">Kent-dokument\u00e4r<\/a> \u00e4r kanske eller kanske inte hans \u00bbTusk\u00ab.<\/p>\n","protected":false},"excerpt":{"rendered":"<p>2014-09-26: Kevin Smith sa att han gick i pension men \u00e4r \u00e4nd\u00e5 aktuell med nya filmen \u00bbTusk\u00ab, en film som tog sin b\u00f6rjan med ett podcastsnack. Varf\u00f6r pensionerar sig kulturskapare till h\u00f6ger och v\u00e4nster bara f\u00f6r att g\u00f6ra comeback? Hur viktigt \u00e4r det att l\u00e4gga av i tid? Medverkar i avsnittet g\u00f6r Tobias Norstr\u00f6m och [&hellip;]<\/p>\n","protected":false},"author":6,"featured_media":0,"comment_status":"open","ping_status":"open","sticky":false,"template":"","format":"standard","meta":{"_genesis_hide_title":false,"_genesis_hide_breadcrumbs":false,"_genesis_hide_singular_image":false,"_genesis_hide_footer_widgets":false,"_genesis_custom_body_class":"","_genesis_custom_post_class":"","_genesis_layout":"","footnotes":""},"categories":[10],"tags":[],"class_list":["post-2354","post","type-post","status-publish","format-standard","category-nya-odpod","entry"],"aioseo_notices":[],"aioseo_head":"\n\t\t<!-- All in One SEO 5.0.1.1 - aioseo.com -->\n\t<meta name=\"description\" content=\"Kulturskapare l\u00e4gger av f\u00f6r att sen g\u00f6ra comeback. But why?\" \/>\n\t<meta name=\"robots\" content=\"max-image-preview:large\" \/>\n\t<meta name=\"author\" content=\"Obiter dictum\"\/>\n\t<link rel=\"canonical\" href=\"https:\/\/www.odpod.se\/index.php\/2014\/09\/podcast-146-tusk-kevin-smith\/\" \/>\n\t<meta name=\"generator\" content=\"All in One SEO (AIOSEO) 5.0.1.1\" \/>\n\t\t<meta property=\"og:locale\" content=\"sv_SE\" \/>\n\t\t<meta property=\"og:site_name\" content=\"Obiter Dictum podcast\" \/>\n\t\t<meta property=\"og:type\" content=\"article\" \/>\n\t\t<meta property=\"og:title\" content=\"Podcast #146: Fejkpensionering | Obiter Dictum podcast\" \/>\n\t\t<meta property=\"og:description\" content=\"Kulturskapare l\u00e4gger av f\u00f6r att sen g\u00f6ra comeback. But why?\" \/>\n\t\t<meta property=\"og:url\" content=\"https:\/\/www.odpod.se\/index.php\/2014\/09\/podcast-146-tusk-kevin-smith\/\" \/>\n\t\t<meta property=\"article:published_time\" content=\"2014-09-25T20:05:35+00:00\" \/>\n\t\t<meta property=\"article:modified_time\" content=\"2014-09-25T19:52:39+00:00\" \/>\n\t\t<meta name=\"twitter:card\" content=\"summary_large_image\" \/>\n\t\t<meta name=\"twitter:site\" content=\"@odpodcast\" \/>\n\t\t<meta name=\"twitter:title\" content=\"Podcast #146: Fejkpensionering | Obiter Dictum podcast\" \/>\n\t\t<meta name=\"twitter:description\" content=\"Kulturskapare l\u00e4gger av f\u00f6r att sen g\u00f6ra comeback. But why?\" \/>\n\t\t<script type=\"application\/ld+json\" class=\"aioseo-schema\">\n\t\t\t{\"@context\":\"https:\\\/\\\/schema.org\",\"@graph\":[{\"@type\":\"Article\",\"@id\":\"https:\\\/\\\/www.odpod.se\\\/index.php\\\/2014\\\/09\\\/podcast-146-tusk-kevin-smith\\\/#article\",\"name\":\"Podcast #146: Fejkpensionering | Obiter Dictum podcast\",\"headline\":\"Podcast #146: &#8221;En itch som m\\u00e5ste scratchas&#8221;\",\"author\":{\"@id\":\"https:\\\/\\\/www.odpod.se\\\/index.php\\\/author\\\/obiterdictum\\\/#author\"},\"publisher\":{\"@id\":\"https:\\\/\\\/www.odpod.se\\\/#organization\"},\"image\":{\"@type\":\"ImageObject\",\"url\":\"https:\\\/\\\/www.odpod.se\\\/wp-content\\\/uploads\\\/2014\\\/09\\\/valross.jpg\",\"@id\":\"https:\\\/\\\/www.odpod.se\\\/index.php\\\/2014\\\/09\\\/podcast-146-tusk-kevin-smith\\\/#articleImage\",\"width\":720,\"height\":240,\"caption\":\"Valross\"},\"datePublished\":\"2014-09-26T00:05:35+02:00\",\"dateModified\":\"2014-09-25T23:52:39+02:00\",\"inLanguage\":\"sv-SE\",\"commentCount\":23,\"mainEntityOfPage\":{\"@id\":\"https:\\\/\\\/www.odpod.se\\\/index.php\\\/2014\\\/09\\\/podcast-146-tusk-kevin-smith\\\/#webpage\"},\"isPartOf\":{\"@id\":\"https:\\\/\\\/www.odpod.se\\\/index.php\\\/2014\\\/09\\\/podcast-146-tusk-kevin-smith\\\/#webpage\"},\"articleSection\":\"Podcast\"},{\"@type\":\"BreadcrumbList\",\"@id\":\"https:\\\/\\\/www.odpod.se\\\/index.php\\\/2014\\\/09\\\/podcast-146-tusk-kevin-smith\\\/#breadcrumblist\",\"itemListElement\":[{\"@type\":\"ListItem\",\"@id\":\"https:\\\/\\\/www.odpod.se#listItem\",\"position\":1,\"name\":\"Home\",\"item\":\"https:\\\/\\\/www.odpod.se\",\"nextItem\":{\"@type\":\"ListItem\",\"@id\":\"https:\\\/\\\/www.odpod.se\\\/index.php\\\/category\\\/nya-odpod\\\/#listItem\",\"name\":\"Podcast\"}},{\"@type\":\"ListItem\",\"@id\":\"https:\\\/\\\/www.odpod.se\\\/index.php\\\/category\\\/nya-odpod\\\/#listItem\",\"position\":2,\"name\":\"Podcast\",\"item\":\"https:\\\/\\\/www.odpod.se\\\/index.php\\\/category\\\/nya-odpod\\\/\",\"nextItem\":{\"@type\":\"ListItem\",\"@id\":\"https:\\\/\\\/www.odpod.se\\\/index.php\\\/2014\\\/09\\\/podcast-146-tusk-kevin-smith\\\/#listItem\",\"name\":\"Podcast #146: &#8221;En itch som m\\u00e5ste scratchas&#8221;\"},\"previousItem\":{\"@type\":\"ListItem\",\"@id\":\"https:\\\/\\\/www.odpod.se#listItem\",\"name\":\"Home\"}},{\"@type\":\"ListItem\",\"@id\":\"https:\\\/\\\/www.odpod.se\\\/index.php\\\/2014\\\/09\\\/podcast-146-tusk-kevin-smith\\\/#listItem\",\"position\":3,\"name\":\"Podcast #146: &#8221;En itch som m\\u00e5ste scratchas&#8221;\",\"previousItem\":{\"@type\":\"ListItem\",\"@id\":\"https:\\\/\\\/www.odpod.se\\\/index.php\\\/category\\\/nya-odpod\\\/#listItem\",\"name\":\"Podcast\"}}]},{\"@type\":\"Organization\",\"@id\":\"https:\\\/\\\/www.odpod.se\\\/#organization\",\"name\":\"Obiter Dictum podcast\",\"url\":\"https:\\\/\\\/www.odpod.se\\\/\"},{\"@type\":\"Person\",\"@id\":\"https:\\\/\\\/www.odpod.se\\\/index.php\\\/author\\\/obiterdictum\\\/#author\",\"url\":\"https:\\\/\\\/www.odpod.se\\\/index.php\\\/author\\\/obiterdictum\\\/\",\"name\":\"Obiter dictum\",\"image\":{\"@type\":\"ImageObject\",\"@id\":\"https:\\\/\\\/www.odpod.se\\\/index.php\\\/2014\\\/09\\\/podcast-146-tusk-kevin-smith\\\/#authorImage\",\"url\":\"https:\\\/\\\/secure.gravatar.com\\\/avatar\\\/2ee3be7bd5d90bcc59df27f519b5c734f4f60774ffd6b3acc429c659b4b2286c?s=96&d=mm&r=g\",\"width\":96,\"height\":96,\"caption\":\"Obiter dictum\"}},{\"@type\":\"WebPage\",\"@id\":\"https:\\\/\\\/www.odpod.se\\\/index.php\\\/2014\\\/09\\\/podcast-146-tusk-kevin-smith\\\/#webpage\",\"url\":\"https:\\\/\\\/www.odpod.se\\\/index.php\\\/2014\\\/09\\\/podcast-146-tusk-kevin-smith\\\/\",\"name\":\"Podcast #146: Fejkpensionering | Obiter Dictum podcast\",\"description\":\"Kulturskapare l\\u00e4gger av f\\u00f6r att sen g\\u00f6ra comeback. But why?\",\"inLanguage\":\"sv-SE\",\"isPartOf\":{\"@id\":\"https:\\\/\\\/www.odpod.se\\\/#website\"},\"breadcrumb\":{\"@id\":\"https:\\\/\\\/www.odpod.se\\\/index.php\\\/2014\\\/09\\\/podcast-146-tusk-kevin-smith\\\/#breadcrumblist\"},\"author\":{\"@id\":\"https:\\\/\\\/www.odpod.se\\\/index.php\\\/author\\\/obiterdictum\\\/#author\"},\"creator\":{\"@id\":\"https:\\\/\\\/www.odpod.se\\\/index.php\\\/author\\\/obiterdictum\\\/#author\"},\"datePublished\":\"2014-09-26T00:05:35+02:00\",\"dateModified\":\"2014-09-25T23:52:39+02:00\"},{\"@type\":\"WebSite\",\"@id\":\"https:\\\/\\\/www.odpod.se\\\/#website\",\"url\":\"https:\\\/\\\/www.odpod.se\\\/\",\"name\":\"Obiter Dictum podcast\",\"inLanguage\":\"sv-SE\",\"publisher\":{\"@id\":\"https:\\\/\\\/www.odpod.se\\\/#organization\"}}]}\n\t\t<\/script>\n\t\t<!-- All in One SEO -->\n\n","aioseo_head_json":{"title":"Podcast #146: Fejkpensionering | Obiter Dictum podcast","description":"Kulturskapare l\u00e4gger av f\u00f6r att sen g\u00f6ra comeback. But why?","canonical_url":"https:\/\/www.odpod.se\/index.php\/2014\/09\/podcast-146-tusk-kevin-smith\/","robots":"max-image-preview:large","keywords":"","webmasterTools":{"miscellaneous":""},"schema":{"@context":"https:\/\/schema.org","@graph":[{"@type":"Article","@id":"https:\/\/www.odpod.se\/index.php\/2014\/09\/podcast-146-tusk-kevin-smith\/#article","name":"Podcast #146: Fejkpensionering | Obiter Dictum podcast","headline":"Podcast #146: &#8221;En itch som m\u00e5ste scratchas&#8221;","author":{"@id":"https:\/\/www.odpod.se\/index.php\/author\/obiterdictum\/#author"},"publisher":{"@id":"https:\/\/www.odpod.se\/#organization"},"image":{"@type":"ImageObject","url":"https:\/\/www.odpod.se\/wp-content\/uploads\/2014\/09\/valross.jpg","@id":"https:\/\/www.odpod.se\/index.php\/2014\/09\/podcast-146-tusk-kevin-smith\/#articleImage","width":720,"height":240,"caption":"Valross"},"datePublished":"2014-09-26T00:05:35+02:00","dateModified":"2014-09-25T23:52:39+02:00","inLanguage":"sv-SE","commentCount":23,"mainEntityOfPage":{"@id":"https:\/\/www.odpod.se\/index.php\/2014\/09\/podcast-146-tusk-kevin-smith\/#webpage"},"isPartOf":{"@id":"https:\/\/www.odpod.se\/index.php\/2014\/09\/podcast-146-tusk-kevin-smith\/#webpage"},"articleSection":"Podcast"},{"@type":"BreadcrumbList","@id":"https:\/\/www.odpod.se\/index.php\/2014\/09\/podcast-146-tusk-kevin-smith\/#breadcrumblist","itemListElement":[{"@type":"ListItem","@id":"https:\/\/www.odpod.se#listItem","position":1,"name":"Home","item":"https:\/\/www.odpod.se","nextItem":{"@type":"ListItem","@id":"https:\/\/www.odpod.se\/index.php\/category\/nya-odpod\/#listItem","name":"Podcast"}},{"@type":"ListItem","@id":"https:\/\/www.odpod.se\/index.php\/category\/nya-odpod\/#listItem","position":2,"name":"Podcast","item":"https:\/\/www.odpod.se\/index.php\/category\/nya-odpod\/","nextItem":{"@type":"ListItem","@id":"https:\/\/www.odpod.se\/index.php\/2014\/09\/podcast-146-tusk-kevin-smith\/#listItem","name":"Podcast #146: &#8221;En itch som m\u00e5ste scratchas&#8221;"},"previousItem":{"@type":"ListItem","@id":"https:\/\/www.odpod.se#listItem","name":"Home"}},{"@type":"ListItem","@id":"https:\/\/www.odpod.se\/index.php\/2014\/09\/podcast-146-tusk-kevin-smith\/#listItem","position":3,"name":"Podcast #146: &#8221;En itch som m\u00e5ste scratchas&#8221;","previousItem":{"@type":"ListItem","@id":"https:\/\/www.odpod.se\/index.php\/category\/nya-odpod\/#listItem","name":"Podcast"}}]},{"@type":"Organization","@id":"https:\/\/www.odpod.se\/#organization","name":"Obiter Dictum podcast","url":"https:\/\/www.odpod.se\/"},{"@type":"Person","@id":"https:\/\/www.odpod.se\/index.php\/author\/obiterdictum\/#author","url":"https:\/\/www.odpod.se\/index.php\/author\/obiterdictum\/","name":"Obiter dictum","image":{"@type":"ImageObject","@id":"https:\/\/www.odpod.se\/index.php\/2014\/09\/podcast-146-tusk-kevin-smith\/#authorImage","url":"https:\/\/secure.gravatar.com\/avatar\/2ee3be7bd5d90bcc59df27f519b5c734f4f60774ffd6b3acc429c659b4b2286c?s=96&d=mm&r=g","width":96,"height":96,"caption":"Obiter dictum"}},{"@type":"WebPage","@id":"https:\/\/www.odpod.se\/index.php\/2014\/09\/podcast-146-tusk-kevin-smith\/#webpage","url":"https:\/\/www.odpod.se\/index.php\/2014\/09\/podcast-146-tusk-kevin-smith\/","name":"Podcast #146: Fejkpensionering | Obiter Dictum podcast","description":"Kulturskapare l\u00e4gger av f\u00f6r att sen g\u00f6ra comeback. But why?","inLanguage":"sv-SE","isPartOf":{"@id":"https:\/\/www.odpod.se\/#website"},"breadcrumb":{"@id":"https:\/\/www.odpod.se\/index.php\/2014\/09\/podcast-146-tusk-kevin-smith\/#breadcrumblist"},"author":{"@id":"https:\/\/www.odpod.se\/index.php\/author\/obiterdictum\/#author"},"creator":{"@id":"https:\/\/www.odpod.se\/index.php\/author\/obiterdictum\/#author"},"datePublished":"2014-09-26T00:05:35+02:00","dateModified":"2014-09-25T23:52:39+02:00"},{"@type":"WebSite","@id":"https:\/\/www.odpod.se\/#website","url":"https:\/\/www.odpod.se\/","name":"Obiter Dictum podcast","inLanguage":"sv-SE","publisher":{"@id":"https:\/\/www.odpod.se\/#organization"}}]},"og:locale":"sv_SE","og:site_name":"Obiter Dictum podcast","og:type":"article","og:title":"Podcast #146: Fejkpensionering | Obiter Dictum podcast","og:description":"Kulturskapare l\u00e4gger av f\u00f6r att sen g\u00f6ra comeback. But why?","og:url":"https:\/\/www.odpod.se\/index.php\/2014\/09\/podcast-146-tusk-kevin-smith\/","article:published_time":"2014-09-25T20:05:35+00:00","article:modified_time":"2014-09-25T19:52:39+00:00","twitter:card":"summary_large_image","twitter:site":"@odpodcast","twitter:title":"Podcast #146: Fejkpensionering | Obiter Dictum podcast","twitter:description":"Kulturskapare l\u00e4gger av f\u00f6r att sen g\u00f6ra comeback. But why?"},"aioseo_meta_data":{"post_id":"2354","title":"Podcast #146: Fejkpensionering | #site_title","description":"Kulturskapare l\u00e4gger av f\u00f6r att sen g\u00f6ra comeback. But why?","keywords":null,"keyphrases":null,"primary_term":null,"canonical_url":null,"og_title":null,"og_description":null,"og_object_type":"default","og_image_type":"default","og_image_url":null,"og_image_width":null,"og_image_height":null,"og_image_custom_url":null,"og_image_custom_fields":null,"og_video":null,"og_custom_url":null,"og_article_section":null,"og_article_tags":null,"twitter_use_og":false,"twitter_card":"default","twitter_image_type":"default","twitter_image_url":null,"twitter_image_custom_url":null,"twitter_image_custom_fields":null,"twitter_title":null,"twitter_description":null,"schema":{"blockGraphs":[],"customGraphs":[],"default":{"data":{"Article":[],"Course":[],"Dataset":[],"FAQPage":[],"Movie":[],"Person":[],"Product":[],"ProductReview":[],"Car":[],"Recipe":[],"Service":[],"SoftwareApplication":[],"WebPage":[]},"graphName":"Article","isEnabled":true},"graphs":[]},"schema_type":null,"schema_type_options":null,"pillar_content":false,"robots_default":true,"robots_noindex":false,"robots_noarchive":false,"robots_nosnippet":false,"robots_nofollow":false,"robots_noimageindex":false,"robots_noodp":false,"robots_notranslate":false,"robots_max_snippet":null,"robots_max_videopreview":null,"robots_max_imagepreview":"large","priority":null,"frequency":null,"location":null,"local_seo":null,"breadcrumb_settings":null,"limit_modified_date":false,"created":"2021-04-01 21:19:34","updated":"2023-03-22 21:24:22","ai":null,"seo_analyzer_scan_date":null,"focus_keyword":null,"additional_keywords":null,"truseo_locale":null},"aioseo_breadcrumb":"<div class=\"aioseo-breadcrumbs\"><span class=\"aioseo-breadcrumb\">\n\t\t\t<a href=\"https:\/\/www.odpod.se\" title=\"Home\">Home<\/a>\n\t\t<\/span><span class=\"aioseo-breadcrumb-separator\">&raquo;<\/span><span class=\"aioseo-breadcrumb\">\n\t\t\t<a href=\"https:\/\/www.odpod.se\/index.php\/category\/nya-odpod\/\" title=\"Podcast\">Podcast<\/a>\n\t\t<\/span><span class=\"aioseo-breadcrumb-separator\">&raquo;<\/span><span class=\"aioseo-breadcrumb\">\n\t\t\tPodcast #146: \u201dEn itch som m\u00e5ste scratchas\u201d\n\t\t<\/span><\/div>","aioseo_breadcrumb_json":[{"label":"Home","link":"https:\/\/www.odpod.se"},{"label":"Podcast","link":"https:\/\/www.odpod.se\/index.php\/category\/nya-odpod\/"},{"label":"Podcast #146: &#8221;En itch som m\u00e5ste scratchas&#8221;","link":"https:\/\/www.odpod.se\/index.php\/2014\/09\/podcast-146-tusk-kevin-smith\/"}],"_links":{"self":[{"href":"https:\/\/www.odpod.se\/index.php\/wp-json\/wp\/v2\/posts\/2354","targetHints":{"allow":["GET"]}}],"collection":[{"href":"https:\/\/www.odpod.se\/index.php\/wp-json\/wp\/v2\/posts"}],"about":[{"href":"https:\/\/www.odpod.se\/index.php\/wp-json\/wp\/v2\/types\/post"}],"author":[{"embeddable":true,"href":"https:\/\/www.odpod.se\/index.php\/wp-json\/wp\/v2\/users\/6"}],"replies":[{"embeddable":true,"href":"https:\/\/www.odpod.se\/index.php\/wp-json\/wp\/v2\/comments?post=2354"}],"version-history":[{"count":1,"href":"https:\/\/www.odpod.se\/index.php\/wp-json\/wp\/v2\/posts\/2354\/revisions"}],"predecessor-version":[{"id":2356,"href":"https:\/\/www.odpod.se\/index.php\/wp-json\/wp\/v2\/posts\/2354\/revisions\/2356"}],"wp:attachment":[{"href":"https:\/\/www.odpod.se\/index.php\/wp-json\/wp\/v2\/media?parent=2354"}],"wp:term":[{"taxonomy":"category","embeddable":true,"href":"https:\/\/www.odpod.se\/index.php\/wp-json\/wp\/v2\/categories?post=2354"},{"taxonomy":"post_tag","embeddable":true,"href":"https:\/\/www.odpod.se\/index.php\/wp-json\/wp\/v2\/tags?post=2354"}],"curies":[{"name":"wp","href":"https:\/\/api.w.org\/{rel}","templated":true}]}}