{"id":2196,"date":"2013-12-06T01:58:31","date_gmt":"2013-12-05T21:58:31","guid":{"rendered":"http:\/\/www.odpod.se\/?p=2196"},"modified":"2014-10-19T23:42:11","modified_gmt":"2014-10-19T19:42:11","slug":"podcast-119-det-svenska-bunkerundret-kalla-kriget-del-2","status":"publish","type":"post","link":"https:\/\/www.odpod.se\/index.php\/2013\/12\/podcast-119-det-svenska-bunkerundret-kalla-kriget-del-2\/","title":{"rendered":"Podcast #119: &#8221;Det svenska bunkerundret&#8221; (Kalla kriget, del 2)"},"content":{"rendered":"<p><img loading=\"lazy\" decoding=\"async\" src=\"http:\/\/www.odpod.se\/wp-content\/uploads\/2013\/12\/forsvar-670x223.jpg\" alt=\"Bergsanl\u00e4ggning\" width=\"670\" height=\"223\" class=\"alignnone size-large wp-image-2198\" srcset=\"https:\/\/www.odpod.se\/wp-content\/uploads\/2013\/12\/forsvar-670x223.jpg 670w, https:\/\/www.odpod.se\/wp-content\/uploads\/2013\/12\/forsvar-150x50.jpg 150w, https:\/\/www.odpod.se\/wp-content\/uploads\/2013\/12\/forsvar.jpg 720w\" sizes=\"auto, (max-width: 670px) 100vw, 670px\" \/><br \/>\n<b><u>2013-12-06:<\/b><\/u> Under det kalla kriget var Sverige ett litet land inkl\u00e4mt mellan stora supermakter. Veckans Obiter Dictum g\u00e5r ner sig i havererade k\u00e4rnvapenprogram, minkkr\u00e4nkningar, spionerande lastbilschaffisar och j\u00e4ttelika skyddsrum i djupet. Medverkar i avsnittet g\u00f6r <strong>Tobias Norstr\u00f6m<\/strong> och <strong>Billy Rimgard<\/strong>. <\/p>\n<p><strong><a href=\"http:\/\/www.odpod.se\/pod\/Odpod_119_20131206.mp3\">Ladda ner som mp3<\/a><br \/>\n<a href=\"http:\/\/phobos.apple.com\/WebObjects\/MZStore.woa\/wa\/viewPodcast?id=362341950\">Prenumerera via iTunes<\/a>.<br \/>\n<a href=\"http:\/\/odpod.no-ip.org\/odpod.xml\" target=\"_blank\">Prenumerera i annat program (RSS).<\/a><\/strong><\/p>\n<p>Lyssna direkt:<br \/>\n<audio class=\"wp-audio-shortcode\" id=\"audio-2196-1\" preload=\"none\" style=\"width: 100%;\" controls=\"controls\"><source type=\"audio\/mpeg\" src=\"http:\/\/www.odpod.se\/pod\/Odpod_119_20131206.mp3?_=1\" \/><a href=\"http:\/\/www.odpod.se\/pod\/Odpod_119_20131206.mp3\">http:\/\/www.odpod.se\/pod\/Odpod_119_20131206.mp3<\/a><\/audio><\/p>\n<p><!--more--><\/p>\n<p><a href=\"http:\/\/www.facebook.com\/odpod\/\" target=\"_blank\">F\u00f6lj oss p\u00e5 Facebook<\/a><\/p>\n<p><u><b>AVSNITTETS L\u00c4NKAR<\/b><\/u>:<\/p>\n<p>Lyssna p\u00e5 v\u00e5rt <a href=\"http:\/\/www.odpod.se\/index.php\/2013\/10\/podcast-110-att-visa-kuzkas-moder-kalla-kriget-del-1\/\" target=\"_blank\">kalla kriget-avsnitt, del 1<\/a>.<br \/>\nLyssna ocks\u00e5 p\u00e5 <a href=\"http:\/\/www.odpod.se\/index.php\/2014\/01\/podcast-122-sen-sa-han-nagot-jag-inte-kunde-uppfatta-kalla-kriget-del-3\/\" target=\"_blank\">kalla kriget, del 3 (om rymdracet)<\/a>.<\/p>\n<p>P3 Dokument\u00e4rs <a href=\"http:\/\/sverigesradio.se\/sida\/avsnitt\/83900?programid=2519\" target=\"_blank\">\u00bbUb\u00e5tshotet\u00ab<\/a> tar bland annat upp U137:s grundst\u00f6tning och ub\u00e5tsjakten. U137 fick m\u00e5nga <a href=\"http:\/\/www.youtube.com\/watch?v=yJa0YNBYP1g\" target=\"_blank\">sugna milit\u00e4rer p\u00e5 f\u00f6tterna<\/a>. Uppdrag Gransknings <a href=\"http:\/\/www.youtube.com\/watch?v=94TNy3SjEA0\" target=\"_blank\">\u00bbUb\u00e5tar, l\u00f6gner och ljudband\u00ab<\/a> tar upp fr\u00e5getecken kring kr\u00e4nkningarna. Om TIR-lastbilarnas spioneri finns matigt att l\u00e4sa om hos <a href=\"http:\/\/hjak.se\/2013\/05\/23\/med-langtradare-mot-sanningen\/\" target=\"_blank\">HJAK<\/a> och <a href=\"http:\/\/sandarnegubben.blogspot.se\/2009\/06\/det-kalla-kriget-och-sovjethotet-det.html\" target=\"_blank\">Sandarnegubben<\/a>. I <a href=\"http:\/\/hjak.se\/2011\/05\/02\/tidskapseln-i-katarinaberget\/\" target=\"_blank\">Katarina<\/a> och <a href=\"http:\/\/hjak.se\/2012\/09\/18\/atomgaraget-under-klarakyrkan\/\" target=\"_blank\">Klara<\/a> ligger enorma civila skyddsrum i Stockholm. Det finns \u00e4ven ett P3 Dokument\u00e4r-avsnitt om <a href=\"http:\/\/sverigesradio.se\/sida\/avsnitt\/91726?programid=2519\" target=\"_blank\">det svenska k\u00e4rnvapenprogrammet<\/a>.<\/p>\n","protected":false},"excerpt":{"rendered":"<p>2013-12-06: Under det kalla kriget var Sverige ett litet land inkl\u00e4mt mellan stora supermakter. Veckans Obiter Dictum g\u00e5r ner sig i havererade k\u00e4rnvapenprogram, minkkr\u00e4nkningar, spionerande lastbilschaffisar och j\u00e4ttelika skyddsrum i djupet. Medverkar i avsnittet g\u00f6r Tobias Norstr\u00f6m och Billy Rimgard. Ladda ner som mp3 Prenumerera via iTunes. Prenumerera i annat program (RSS). Lyssna direkt:<\/p>\n","protected":false},"author":6,"featured_media":0,"comment_status":"open","ping_status":"open","sticky":false,"template":"","format":"standard","meta":{"_genesis_hide_title":false,"_genesis_hide_breadcrumbs":false,"_genesis_hide_singular_image":false,"_genesis_hide_footer_widgets":false,"_genesis_custom_body_class":"","_genesis_custom_post_class":"","_genesis_layout":"","footnotes":""},"categories":[10],"tags":[],"class_list":{"0":"post-2196","1":"post","2":"type-post","3":"status-publish","4":"format-standard","6":"category-nya-odpod","7":"entry"},"aioseo_notices":[],"_links":{"self":[{"href":"https:\/\/www.odpod.se\/index.php\/wp-json\/wp\/v2\/posts\/2196","targetHints":{"allow":["GET"]}}],"collection":[{"href":"https:\/\/www.odpod.se\/index.php\/wp-json\/wp\/v2\/posts"}],"about":[{"href":"https:\/\/www.odpod.se\/index.php\/wp-json\/wp\/v2\/types\/post"}],"author":[{"embeddable":true,"href":"https:\/\/www.odpod.se\/index.php\/wp-json\/wp\/v2\/users\/6"}],"replies":[{"embeddable":true,"href":"https:\/\/www.odpod.se\/index.php\/wp-json\/wp\/v2\/comments?post=2196"}],"version-history":[{"count":9,"href":"https:\/\/www.odpod.se\/index.php\/wp-json\/wp\/v2\/posts\/2196\/revisions"}],"predecessor-version":[{"id":2372,"href":"https:\/\/www.odpod.se\/index.php\/wp-json\/wp\/v2\/posts\/2196\/revisions\/2372"}],"wp:attachment":[{"href":"https:\/\/www.odpod.se\/index.php\/wp-json\/wp\/v2\/media?parent=2196"}],"wp:term":[{"taxonomy":"category","embeddable":true,"href":"https:\/\/www.odpod.se\/index.php\/wp-json\/wp\/v2\/categories?post=2196"},{"taxonomy":"post_tag","embeddable":true,"href":"https:\/\/www.odpod.se\/index.php\/wp-json\/wp\/v2\/tags?post=2196"}],"curies":[{"name":"wp","href":"https:\/\/api.w.org\/{rel}","templated":true}]}}