{"id":1203,"date":"2012-05-17T22:13:08","date_gmt":"2012-05-17T21:13:08","guid":{"rendered":"http:\/\/www.odpod.se\/?p=1203"},"modified":"2013-09-17T23:42:15","modified_gmt":"2013-09-17T19:42:15","slug":"podcast-75-jag-blir-hellre-hatad-av-invisigoth-an-anna-svensson","status":"publish","type":"post","link":"https:\/\/www.odpod.se\/index.php\/2012\/05\/podcast-75-jag-blir-hellre-hatad-av-invisigoth-an-anna-svensson\/","title":{"rendered":"Podcast #75: &#8221;Jag blir hellre hatad av Invisigoth \u00e4n Anna Svensson&#8221;"},"content":{"rendered":"<p><img loading=\"lazy\" decoding=\"async\" src=\"http:\/\/www.odpod.se\/wp-content\/uploads\/2012\/05\/75vandammedoubleteam.jpg\" alt=\"Double Team\" width=\"670\" height=\"223\" class=\"alignnone size-full wp-image-1958\" srcset=\"https:\/\/www.odpod.se\/wp-content\/uploads\/2012\/05\/75vandammedoubleteam.jpg 670w, https:\/\/www.odpod.se\/wp-content\/uploads\/2012\/05\/75vandammedoubleteam-150x49.jpg 150w\" sizes=\"auto, (max-width: 670px) 100vw, 670px\" \/><br \/>\n<b><u>2012-05-18:<\/b><\/u> Med Facebooks int\u00e5g b\u00f6rjade internet-aliaset d\u00f6 en l\u00e5ngsam d\u00f6d. I dag uppmanar de flesta sajter oss att anv\u00e4nda v\u00e5ra riktiga namn, och anonyma alias \u00e4r n\u00e5got som mest hittas i bakvattenforum. Vad har n\u00e4tet vunnit och f\u00f6rlorat p\u00e5 att folk tr\u00e4tt fram som sina riktiga jag? Har en magi g\u00e5tt f\u00f6rlorad eller \u00e4r det bra att folk f\u00e5r st\u00e5 f\u00f6r det de skriver? I veckans Obiter Dictum tittar vi n\u00e4rmare p\u00e5 internetaliasets sorti, tittar \u00e4nnu n\u00e4rmare p\u00e5 Dennis Rodman och Jean-Claude Van Damme i \u00bbDouble Team\u00ab och rasar \u00f6ver att \u00bbPrometheus\u00ab bara g\u00e5r upp som 3D. Medverkar i avsnittet g\u00f6r <strong>Tobias Norstr\u00f6m<\/strong> och <strong>Billy Rimgard<\/strong>. <\/p>\n<p><a href=\"http:\/\/www.odpod.se\/pod\/Obiter_Dictum-2012-05-18-Avsnitt_75.mp3\">Ladda ner som mp3<\/a><br \/>\n<a href=\"http:\/\/phobos.apple.com\/WebObjects\/MZStore.woa\/wa\/viewPodcast?id=362341950\">Prenumerera i iTunes<\/a>.<br \/>\n<a href=\"http:\/\/odpod.no-ip.org\/odpod.xml\" target=\"_blank\">Prenumerera i annat program (rss)<\/a><\/p>\n<p>Lyssna direkt:<br \/>\n<audio class=\"wp-audio-shortcode\" id=\"audio-1203-1\" preload=\"none\" style=\"width: 100%;\" controls=\"controls\"><source type=\"audio\/mpeg\" src=\"http:\/\/www.odpod.se\/pod\/Obiter_Dictum-2012-05-18-Avsnitt_75.mp3?_=1\" \/><a href=\"http:\/\/www.odpod.se\/pod\/Obiter_Dictum-2012-05-18-Avsnitt_75.mp3\">http:\/\/www.odpod.se\/pod\/Obiter_Dictum-2012-05-18-Avsnitt_75.mp3<\/a><\/audio><\/p>\n<p><!--more--><\/p>\n<p><a href=\"http:\/\/www.facebook.com\/odpod\/\" target=\"_blank\">F\u00f6lj oss p\u00e5 Facebook<\/a>. <\/p>\n<p><b><u>AVSNITTETS L\u00c4NKAR:<\/b><\/u><br \/>\nSpeldesignern <b>\u00c5sa Roos<\/b> g\u00e4stade odpod <a href=\"http:\/\/www.odpod.se\/index.php\/2010\/04\/podcast-3-du-kommer-alltid-att-stota-pa-det-var-en-mork-och-stormig-natt\/\" target=\"_blank\">i begynnelsen<\/a> och har nu lanserat <a href=\"http:\/\/www.fundedbyme.com\/projects\/2012\/04\/nyckelringsrollspelet\/\" target=\"_blank\">Nyckelringsrollspelet<\/a>, ett projekt vi uppmanar att st\u00f6dja. Billy kommenterade japanska gameshowen <a href=\"http:\/\/www.youtube.com\/watch?v=w2siIkEiOYg&#038;feature=related\" target=\"_blank\">\u00bbViking\u00ab<\/a> p\u00e5 svenska Eurosport. Tobias <a href=\"http:\/\/nojesguiden.se\/blogg\/tobias-norstrom\/sf-visa-prometheus-i-bade-2d-och-3d\" target=\"_blank\">har startat ett uppror<\/a> f\u00f6r att f\u00e5 SF att visa \u00bbPrometheus\u00ab i 2D. I h\u00f6stas pratade vi om <a href=\"http:\/\/www.odpod.se\/index.php\/2011\/10\/podcast-54-bitcrusher-vs-trust-fund-avenger\/\" target=\"_blank\">verklighetens superhj\u00e4ltar<\/a>, en diskussion som hamnar lite i nytt ljus n\u00e4r vi l\u00e4ser om gamla medlemmar fr\u00e5n Provisional IRA som i Derry <a href=\"http:\/\/www.guardian.co.uk\/uk\/2012\/may\/13\/derry-city-of-culture-fear?newsfeed=true\" target=\"_blank\">k\u00f6r en paramilit\u00e4r brottsbek\u00e4mpning<\/a>. <\/p>\n<p>N\u00e4sta film i #VanDammeCirkeln \u00e4r <a href=\"http:\/\/thepiratebay.se\/torrent\/4883474\/Knock_Off(Van_Damme)[1998]DvDrip[Eng]-prithwi\" target=\"_blank\">\u00bbKnock Off\u00ab<\/a>. <\/p>\n<p>POST SCRIPTUM: Billy tipsar om <b>Brian Eno<\/b>-dokument\u00e4ren <a href=\"http:\/\/www.openculture.com\/2012\/05\/brian_eno_on_creating_music_and_art_as_imaginary_landscapes_1989.html\" target=\"_blank\">\u00bbImaginary Landscapes\u00ab<\/a>. Tobias tipsar om artikeln <a href=\"http:\/\/www.newyorker.com\/online\/blogs\/newsdesk\/2012\/05\/cranbrook-and-romney.html\" target=\"_blank\">\u00bbCranbrook and Romney\u00ab<\/a> av <b>Edmund White<\/b>.<\/p>\n","protected":false},"excerpt":{"rendered":"<p>2012-05-18: Med Facebooks int\u00e5g b\u00f6rjade internet-aliaset d\u00f6 en l\u00e5ngsam d\u00f6d. I dag uppmanar de flesta sajter oss att anv\u00e4nda v\u00e5ra riktiga namn, och anonyma alias \u00e4r n\u00e5got som mest hittas i bakvattenforum. Vad har n\u00e4tet vunnit och f\u00f6rlorat p\u00e5 att folk tr\u00e4tt fram som sina riktiga jag? Har en magi g\u00e5tt f\u00f6rlorad eller \u00e4r det [&hellip;]<\/p>\n","protected":false},"author":6,"featured_media":0,"comment_status":"open","ping_status":"open","sticky":false,"template":"","format":"standard","meta":{"_genesis_hide_title":false,"_genesis_hide_breadcrumbs":false,"_genesis_hide_singular_image":false,"_genesis_hide_footer_widgets":false,"_genesis_custom_body_class":"","_genesis_custom_post_class":"","_genesis_layout":"","footnotes":""},"categories":[10],"tags":[],"class_list":["post-1203","post","type-post","status-publish","format-standard","category-nya-odpod","entry"],"aioseo_notices":[],"aioseo_head":"\n\t\t<!-- All in One SEO 5.0.1.1 - aioseo.com -->\n\t<meta name=\"description\" content=\"Vad h\u00e4nder n\u00e4r vi anv\u00e4nder v\u00e5ra riktiga namn p\u00e5 n\u00e4tet? Veckans avsnitt handlar om internetaliasets d\u00f6d och Dennis Rodmans lila leggings.\" \/>\n\t<meta name=\"robots\" content=\"max-image-preview:large\" \/>\n\t<meta name=\"author\" content=\"Obiter dictum\"\/>\n\t<link rel=\"canonical\" href=\"https:\/\/www.odpod.se\/index.php\/2012\/05\/podcast-75-jag-blir-hellre-hatad-av-invisigoth-an-anna-svensson\/\" \/>\n\t<meta name=\"generator\" content=\"All in One SEO (AIOSEO) 5.0.1.1\" \/>\n\t\t<meta property=\"og:locale\" content=\"sv_SE\" \/>\n\t\t<meta property=\"og:site_name\" content=\"Obiter Dictum podcast\" \/>\n\t\t<meta property=\"og:type\" content=\"article\" \/>\n\t\t<meta property=\"og:title\" content=\"Podcast #75: Internetaliasets d\u00f6d och Rodmans leggings | Obiter Dictum podcast\" \/>\n\t\t<meta property=\"og:description\" content=\"Vad h\u00e4nder n\u00e4r vi anv\u00e4nder v\u00e5ra riktiga namn p\u00e5 n\u00e4tet? Veckans avsnitt handlar om internetaliasets d\u00f6d och Dennis Rodmans lila leggings.\" \/>\n\t\t<meta property=\"og:url\" content=\"https:\/\/www.odpod.se\/index.php\/2012\/05\/podcast-75-jag-blir-hellre-hatad-av-invisigoth-an-anna-svensson\/\" \/>\n\t\t<meta property=\"article:published_time\" content=\"2012-05-17T21:13:08+00:00\" \/>\n\t\t<meta property=\"article:modified_time\" content=\"2013-09-17T19:42:15+00:00\" \/>\n\t\t<meta name=\"twitter:card\" content=\"summary_large_image\" \/>\n\t\t<meta name=\"twitter:site\" content=\"@odpodcast\" \/>\n\t\t<meta name=\"twitter:title\" content=\"Podcast #75: Internetaliasets d\u00f6d och Rodmans leggings | Obiter Dictum podcast\" \/>\n\t\t<meta name=\"twitter:description\" content=\"Vad h\u00e4nder n\u00e4r vi anv\u00e4nder v\u00e5ra riktiga namn p\u00e5 n\u00e4tet? Veckans avsnitt handlar om internetaliasets d\u00f6d och Dennis Rodmans lila leggings.\" \/>\n\t\t<script type=\"application\/ld+json\" class=\"aioseo-schema\">\n\t\t\t{\"@context\":\"https:\\\/\\\/schema.org\",\"@graph\":[{\"@type\":\"Article\",\"@id\":\"https:\\\/\\\/www.odpod.se\\\/index.php\\\/2012\\\/05\\\/podcast-75-jag-blir-hellre-hatad-av-invisigoth-an-anna-svensson\\\/#article\",\"name\":\"Podcast #75: Internetaliasets d\\u00f6d och Rodmans leggings | Obiter Dictum podcast\",\"headline\":\"Podcast #75: &#8221;Jag blir hellre hatad av Invisigoth \\u00e4n Anna Svensson&#8221;\",\"author\":{\"@id\":\"https:\\\/\\\/www.odpod.se\\\/index.php\\\/author\\\/obiterdictum\\\/#author\"},\"publisher\":{\"@id\":\"https:\\\/\\\/www.odpod.se\\\/#organization\"},\"image\":{\"@type\":\"ImageObject\",\"url\":\"https:\\\/\\\/www.odpod.se\\\/wp-content\\\/uploads\\\/2012\\\/05\\\/75vandammedoubleteam.jpg\",\"@id\":\"https:\\\/\\\/www.odpod.se\\\/index.php\\\/2012\\\/05\\\/podcast-75-jag-blir-hellre-hatad-av-invisigoth-an-anna-svensson\\\/#articleImage\",\"width\":670,\"height\":223,\"caption\":\"Double Team\"},\"datePublished\":\"2012-05-17T22:13:08+02:00\",\"dateModified\":\"2013-09-17T23:42:15+02:00\",\"inLanguage\":\"sv-SE\",\"commentCount\":32,\"mainEntityOfPage\":{\"@id\":\"https:\\\/\\\/www.odpod.se\\\/index.php\\\/2012\\\/05\\\/podcast-75-jag-blir-hellre-hatad-av-invisigoth-an-anna-svensson\\\/#webpage\"},\"isPartOf\":{\"@id\":\"https:\\\/\\\/www.odpod.se\\\/index.php\\\/2012\\\/05\\\/podcast-75-jag-blir-hellre-hatad-av-invisigoth-an-anna-svensson\\\/#webpage\"},\"articleSection\":\"Podcast\"},{\"@type\":\"BreadcrumbList\",\"@id\":\"https:\\\/\\\/www.odpod.se\\\/index.php\\\/2012\\\/05\\\/podcast-75-jag-blir-hellre-hatad-av-invisigoth-an-anna-svensson\\\/#breadcrumblist\",\"itemListElement\":[{\"@type\":\"ListItem\",\"@id\":\"https:\\\/\\\/www.odpod.se#listItem\",\"position\":1,\"name\":\"Home\",\"item\":\"https:\\\/\\\/www.odpod.se\",\"nextItem\":{\"@type\":\"ListItem\",\"@id\":\"https:\\\/\\\/www.odpod.se\\\/index.php\\\/category\\\/nya-odpod\\\/#listItem\",\"name\":\"Podcast\"}},{\"@type\":\"ListItem\",\"@id\":\"https:\\\/\\\/www.odpod.se\\\/index.php\\\/category\\\/nya-odpod\\\/#listItem\",\"position\":2,\"name\":\"Podcast\",\"item\":\"https:\\\/\\\/www.odpod.se\\\/index.php\\\/category\\\/nya-odpod\\\/\",\"nextItem\":{\"@type\":\"ListItem\",\"@id\":\"https:\\\/\\\/www.odpod.se\\\/index.php\\\/2012\\\/05\\\/podcast-75-jag-blir-hellre-hatad-av-invisigoth-an-anna-svensson\\\/#listItem\",\"name\":\"Podcast #75: &#8221;Jag blir hellre hatad av Invisigoth \\u00e4n Anna Svensson&#8221;\"},\"previousItem\":{\"@type\":\"ListItem\",\"@id\":\"https:\\\/\\\/www.odpod.se#listItem\",\"name\":\"Home\"}},{\"@type\":\"ListItem\",\"@id\":\"https:\\\/\\\/www.odpod.se\\\/index.php\\\/2012\\\/05\\\/podcast-75-jag-blir-hellre-hatad-av-invisigoth-an-anna-svensson\\\/#listItem\",\"position\":3,\"name\":\"Podcast #75: &#8221;Jag blir hellre hatad av Invisigoth \\u00e4n Anna Svensson&#8221;\",\"previousItem\":{\"@type\":\"ListItem\",\"@id\":\"https:\\\/\\\/www.odpod.se\\\/index.php\\\/category\\\/nya-odpod\\\/#listItem\",\"name\":\"Podcast\"}}]},{\"@type\":\"Organization\",\"@id\":\"https:\\\/\\\/www.odpod.se\\\/#organization\",\"name\":\"Obiter Dictum podcast\",\"url\":\"https:\\\/\\\/www.odpod.se\\\/\"},{\"@type\":\"Person\",\"@id\":\"https:\\\/\\\/www.odpod.se\\\/index.php\\\/author\\\/obiterdictum\\\/#author\",\"url\":\"https:\\\/\\\/www.odpod.se\\\/index.php\\\/author\\\/obiterdictum\\\/\",\"name\":\"Obiter dictum\",\"image\":{\"@type\":\"ImageObject\",\"@id\":\"https:\\\/\\\/www.odpod.se\\\/index.php\\\/2012\\\/05\\\/podcast-75-jag-blir-hellre-hatad-av-invisigoth-an-anna-svensson\\\/#authorImage\",\"url\":\"https:\\\/\\\/secure.gravatar.com\\\/avatar\\\/2ee3be7bd5d90bcc59df27f519b5c734f4f60774ffd6b3acc429c659b4b2286c?s=96&d=mm&r=g\",\"width\":96,\"height\":96,\"caption\":\"Obiter dictum\"}},{\"@type\":\"WebPage\",\"@id\":\"https:\\\/\\\/www.odpod.se\\\/index.php\\\/2012\\\/05\\\/podcast-75-jag-blir-hellre-hatad-av-invisigoth-an-anna-svensson\\\/#webpage\",\"url\":\"https:\\\/\\\/www.odpod.se\\\/index.php\\\/2012\\\/05\\\/podcast-75-jag-blir-hellre-hatad-av-invisigoth-an-anna-svensson\\\/\",\"name\":\"Podcast #75: Internetaliasets d\\u00f6d och Rodmans leggings | Obiter Dictum podcast\",\"description\":\"Vad h\\u00e4nder n\\u00e4r vi anv\\u00e4nder v\\u00e5ra riktiga namn p\\u00e5 n\\u00e4tet? Veckans avsnitt handlar om internetaliasets d\\u00f6d och Dennis Rodmans lila leggings.\",\"inLanguage\":\"sv-SE\",\"isPartOf\":{\"@id\":\"https:\\\/\\\/www.odpod.se\\\/#website\"},\"breadcrumb\":{\"@id\":\"https:\\\/\\\/www.odpod.se\\\/index.php\\\/2012\\\/05\\\/podcast-75-jag-blir-hellre-hatad-av-invisigoth-an-anna-svensson\\\/#breadcrumblist\"},\"author\":{\"@id\":\"https:\\\/\\\/www.odpod.se\\\/index.php\\\/author\\\/obiterdictum\\\/#author\"},\"creator\":{\"@id\":\"https:\\\/\\\/www.odpod.se\\\/index.php\\\/author\\\/obiterdictum\\\/#author\"},\"datePublished\":\"2012-05-17T22:13:08+02:00\",\"dateModified\":\"2013-09-17T23:42:15+02:00\"},{\"@type\":\"WebSite\",\"@id\":\"https:\\\/\\\/www.odpod.se\\\/#website\",\"url\":\"https:\\\/\\\/www.odpod.se\\\/\",\"name\":\"Obiter Dictum podcast\",\"inLanguage\":\"sv-SE\",\"publisher\":{\"@id\":\"https:\\\/\\\/www.odpod.se\\\/#organization\"}}]}\n\t\t<\/script>\n\t\t<!-- All in One SEO -->\n\n","aioseo_head_json":{"title":"Podcast #75: Internetaliasets d\u00f6d och Rodmans leggings | Obiter Dictum podcast","description":"Vad h\u00e4nder n\u00e4r vi anv\u00e4nder v\u00e5ra riktiga namn p\u00e5 n\u00e4tet? Veckans avsnitt handlar om internetaliasets d\u00f6d och Dennis Rodmans lila leggings.","canonical_url":"https:\/\/www.odpod.se\/index.php\/2012\/05\/podcast-75-jag-blir-hellre-hatad-av-invisigoth-an-anna-svensson\/","robots":"max-image-preview:large","keywords":"","webmasterTools":{"miscellaneous":""},"schema":{"@context":"https:\/\/schema.org","@graph":[{"@type":"Article","@id":"https:\/\/www.odpod.se\/index.php\/2012\/05\/podcast-75-jag-blir-hellre-hatad-av-invisigoth-an-anna-svensson\/#article","name":"Podcast #75: Internetaliasets d\u00f6d och Rodmans leggings | Obiter Dictum podcast","headline":"Podcast #75: &#8221;Jag blir hellre hatad av Invisigoth \u00e4n Anna Svensson&#8221;","author":{"@id":"https:\/\/www.odpod.se\/index.php\/author\/obiterdictum\/#author"},"publisher":{"@id":"https:\/\/www.odpod.se\/#organization"},"image":{"@type":"ImageObject","url":"https:\/\/www.odpod.se\/wp-content\/uploads\/2012\/05\/75vandammedoubleteam.jpg","@id":"https:\/\/www.odpod.se\/index.php\/2012\/05\/podcast-75-jag-blir-hellre-hatad-av-invisigoth-an-anna-svensson\/#articleImage","width":670,"height":223,"caption":"Double Team"},"datePublished":"2012-05-17T22:13:08+02:00","dateModified":"2013-09-17T23:42:15+02:00","inLanguage":"sv-SE","commentCount":32,"mainEntityOfPage":{"@id":"https:\/\/www.odpod.se\/index.php\/2012\/05\/podcast-75-jag-blir-hellre-hatad-av-invisigoth-an-anna-svensson\/#webpage"},"isPartOf":{"@id":"https:\/\/www.odpod.se\/index.php\/2012\/05\/podcast-75-jag-blir-hellre-hatad-av-invisigoth-an-anna-svensson\/#webpage"},"articleSection":"Podcast"},{"@type":"BreadcrumbList","@id":"https:\/\/www.odpod.se\/index.php\/2012\/05\/podcast-75-jag-blir-hellre-hatad-av-invisigoth-an-anna-svensson\/#breadcrumblist","itemListElement":[{"@type":"ListItem","@id":"https:\/\/www.odpod.se#listItem","position":1,"name":"Home","item":"https:\/\/www.odpod.se","nextItem":{"@type":"ListItem","@id":"https:\/\/www.odpod.se\/index.php\/category\/nya-odpod\/#listItem","name":"Podcast"}},{"@type":"ListItem","@id":"https:\/\/www.odpod.se\/index.php\/category\/nya-odpod\/#listItem","position":2,"name":"Podcast","item":"https:\/\/www.odpod.se\/index.php\/category\/nya-odpod\/","nextItem":{"@type":"ListItem","@id":"https:\/\/www.odpod.se\/index.php\/2012\/05\/podcast-75-jag-blir-hellre-hatad-av-invisigoth-an-anna-svensson\/#listItem","name":"Podcast #75: &#8221;Jag blir hellre hatad av Invisigoth \u00e4n Anna Svensson&#8221;"},"previousItem":{"@type":"ListItem","@id":"https:\/\/www.odpod.se#listItem","name":"Home"}},{"@type":"ListItem","@id":"https:\/\/www.odpod.se\/index.php\/2012\/05\/podcast-75-jag-blir-hellre-hatad-av-invisigoth-an-anna-svensson\/#listItem","position":3,"name":"Podcast #75: &#8221;Jag blir hellre hatad av Invisigoth \u00e4n Anna Svensson&#8221;","previousItem":{"@type":"ListItem","@id":"https:\/\/www.odpod.se\/index.php\/category\/nya-odpod\/#listItem","name":"Podcast"}}]},{"@type":"Organization","@id":"https:\/\/www.odpod.se\/#organization","name":"Obiter Dictum podcast","url":"https:\/\/www.odpod.se\/"},{"@type":"Person","@id":"https:\/\/www.odpod.se\/index.php\/author\/obiterdictum\/#author","url":"https:\/\/www.odpod.se\/index.php\/author\/obiterdictum\/","name":"Obiter dictum","image":{"@type":"ImageObject","@id":"https:\/\/www.odpod.se\/index.php\/2012\/05\/podcast-75-jag-blir-hellre-hatad-av-invisigoth-an-anna-svensson\/#authorImage","url":"https:\/\/secure.gravatar.com\/avatar\/2ee3be7bd5d90bcc59df27f519b5c734f4f60774ffd6b3acc429c659b4b2286c?s=96&d=mm&r=g","width":96,"height":96,"caption":"Obiter dictum"}},{"@type":"WebPage","@id":"https:\/\/www.odpod.se\/index.php\/2012\/05\/podcast-75-jag-blir-hellre-hatad-av-invisigoth-an-anna-svensson\/#webpage","url":"https:\/\/www.odpod.se\/index.php\/2012\/05\/podcast-75-jag-blir-hellre-hatad-av-invisigoth-an-anna-svensson\/","name":"Podcast #75: Internetaliasets d\u00f6d och Rodmans leggings | Obiter Dictum podcast","description":"Vad h\u00e4nder n\u00e4r vi anv\u00e4nder v\u00e5ra riktiga namn p\u00e5 n\u00e4tet? Veckans avsnitt handlar om internetaliasets d\u00f6d och Dennis Rodmans lila leggings.","inLanguage":"sv-SE","isPartOf":{"@id":"https:\/\/www.odpod.se\/#website"},"breadcrumb":{"@id":"https:\/\/www.odpod.se\/index.php\/2012\/05\/podcast-75-jag-blir-hellre-hatad-av-invisigoth-an-anna-svensson\/#breadcrumblist"},"author":{"@id":"https:\/\/www.odpod.se\/index.php\/author\/obiterdictum\/#author"},"creator":{"@id":"https:\/\/www.odpod.se\/index.php\/author\/obiterdictum\/#author"},"datePublished":"2012-05-17T22:13:08+02:00","dateModified":"2013-09-17T23:42:15+02:00"},{"@type":"WebSite","@id":"https:\/\/www.odpod.se\/#website","url":"https:\/\/www.odpod.se\/","name":"Obiter Dictum podcast","inLanguage":"sv-SE","publisher":{"@id":"https:\/\/www.odpod.se\/#organization"}}]},"og:locale":"sv_SE","og:site_name":"Obiter Dictum podcast","og:type":"article","og:title":"Podcast #75: Internetaliasets d\u00f6d och Rodmans leggings | Obiter Dictum podcast","og:description":"Vad h\u00e4nder n\u00e4r vi anv\u00e4nder v\u00e5ra riktiga namn p\u00e5 n\u00e4tet? Veckans avsnitt handlar om internetaliasets d\u00f6d och Dennis Rodmans lila leggings.","og:url":"https:\/\/www.odpod.se\/index.php\/2012\/05\/podcast-75-jag-blir-hellre-hatad-av-invisigoth-an-anna-svensson\/","article:published_time":"2012-05-17T21:13:08+00:00","article:modified_time":"2013-09-17T19:42:15+00:00","twitter:card":"summary_large_image","twitter:site":"@odpodcast","twitter:title":"Podcast #75: Internetaliasets d\u00f6d och Rodmans leggings | Obiter Dictum podcast","twitter:description":"Vad h\u00e4nder n\u00e4r vi anv\u00e4nder v\u00e5ra riktiga namn p\u00e5 n\u00e4tet? Veckans avsnitt handlar om internetaliasets d\u00f6d och Dennis Rodmans lila leggings."},"aioseo_meta_data":{"post_id":"1203","title":"Podcast #75: Internetaliasets d\u00f6d och Rodmans leggings | #site_title","description":"Vad h\u00e4nder n\u00e4r vi anv\u00e4nder v\u00e5ra riktiga namn p\u00e5 n\u00e4tet? Veckans avsnitt handlar om internetaliasets d\u00f6d och Dennis Rodmans lila leggings.","keywords":null,"keyphrases":null,"primary_term":null,"canonical_url":null,"og_title":null,"og_description":null,"og_object_type":"default","og_image_type":"default","og_image_url":null,"og_image_width":null,"og_image_height":null,"og_image_custom_url":null,"og_image_custom_fields":null,"og_video":null,"og_custom_url":null,"og_article_section":null,"og_article_tags":null,"twitter_use_og":false,"twitter_card":"default","twitter_image_type":"default","twitter_image_url":null,"twitter_image_custom_url":null,"twitter_image_custom_fields":null,"twitter_title":null,"twitter_description":null,"schema":{"blockGraphs":[],"customGraphs":[],"default":{"data":{"Article":[],"Course":[],"Dataset":[],"FAQPage":[],"Movie":[],"Person":[],"Product":[],"ProductReview":[],"Car":[],"Recipe":[],"Service":[],"SoftwareApplication":[],"WebPage":[]},"graphName":"Article","isEnabled":true},"graphs":[]},"schema_type":null,"schema_type_options":null,"pillar_content":false,"robots_default":true,"robots_noindex":false,"robots_noarchive":false,"robots_nosnippet":false,"robots_nofollow":false,"robots_noimageindex":false,"robots_noodp":false,"robots_notranslate":false,"robots_max_snippet":null,"robots_max_videopreview":null,"robots_max_imagepreview":"large","priority":null,"frequency":null,"location":null,"local_seo":null,"breadcrumb_settings":null,"limit_modified_date":false,"created":"2021-04-01 21:25:28","updated":"2023-03-22 21:32:03","ai":null,"seo_analyzer_scan_date":null,"focus_keyword":null,"additional_keywords":null,"truseo_locale":null},"aioseo_breadcrumb":"<div class=\"aioseo-breadcrumbs\"><span class=\"aioseo-breadcrumb\">\n\t\t\t<a href=\"https:\/\/www.odpod.se\" title=\"Home\">Home<\/a>\n\t\t<\/span><span class=\"aioseo-breadcrumb-separator\">&raquo;<\/span><span class=\"aioseo-breadcrumb\">\n\t\t\t<a href=\"https:\/\/www.odpod.se\/index.php\/category\/nya-odpod\/\" title=\"Podcast\">Podcast<\/a>\n\t\t<\/span><span class=\"aioseo-breadcrumb-separator\">&raquo;<\/span><span class=\"aioseo-breadcrumb\">\n\t\t\tPodcast #75: \u201dJag blir hellre hatad av Invisigoth \u00e4n Anna Svensson\u201d\n\t\t<\/span><\/div>","aioseo_breadcrumb_json":[{"label":"Home","link":"https:\/\/www.odpod.se"},{"label":"Podcast","link":"https:\/\/www.odpod.se\/index.php\/category\/nya-odpod\/"},{"label":"Podcast #75: &#8221;Jag blir hellre hatad av Invisigoth \u00e4n Anna Svensson&#8221;","link":"https:\/\/www.odpod.se\/index.php\/2012\/05\/podcast-75-jag-blir-hellre-hatad-av-invisigoth-an-anna-svensson\/"}],"_links":{"self":[{"href":"https:\/\/www.odpod.se\/index.php\/wp-json\/wp\/v2\/posts\/1203","targetHints":{"allow":["GET"]}}],"collection":[{"href":"https:\/\/www.odpod.se\/index.php\/wp-json\/wp\/v2\/posts"}],"about":[{"href":"https:\/\/www.odpod.se\/index.php\/wp-json\/wp\/v2\/types\/post"}],"author":[{"embeddable":true,"href":"https:\/\/www.odpod.se\/index.php\/wp-json\/wp\/v2\/users\/6"}],"replies":[{"embeddable":true,"href":"https:\/\/www.odpod.se\/index.php\/wp-json\/wp\/v2\/comments?post=1203"}],"version-history":[{"count":13,"href":"https:\/\/www.odpod.se\/index.php\/wp-json\/wp\/v2\/posts\/1203\/revisions"}],"predecessor-version":[{"id":1960,"href":"https:\/\/www.odpod.se\/index.php\/wp-json\/wp\/v2\/posts\/1203\/revisions\/1960"}],"wp:attachment":[{"href":"https:\/\/www.odpod.se\/index.php\/wp-json\/wp\/v2\/media?parent=1203"}],"wp:term":[{"taxonomy":"category","embeddable":true,"href":"https:\/\/www.odpod.se\/index.php\/wp-json\/wp\/v2\/categories?post=1203"},{"taxonomy":"post_tag","embeddable":true,"href":"https:\/\/www.odpod.se\/index.php\/wp-json\/wp\/v2\/tags?post=1203"}],"curies":[{"name":"wp","href":"https:\/\/api.w.org\/{rel}","templated":true}]}}