{"id":1182,"date":"2012-05-04T08:08:47","date_gmt":"2012-05-04T07:08:47","guid":{"rendered":"http:\/\/www.odpod.se\/?p=1182"},"modified":"2013-09-17T23:49:31","modified_gmt":"2013-09-17T19:49:31","slug":"podcast-73-i-spranget","status":"publish","type":"post","link":"https:\/\/www.odpod.se\/index.php\/2012\/05\/podcast-73-i-spranget\/","title":{"rendered":"Podcast #73: &#8221;I spr\u00e5nget&#8221;"},"content":{"rendered":"<p><img loading=\"lazy\" decoding=\"async\" src=\"http:\/\/www.odpod.se\/wp-content\/uploads\/2012\/05\/73david.jpg\" alt=\"Prometheus David\" width=\"670\" height=\"223\" class=\"alignnone size-full wp-image-1966\" srcset=\"https:\/\/www.odpod.se\/wp-content\/uploads\/2012\/05\/73david.jpg 670w, https:\/\/www.odpod.se\/wp-content\/uploads\/2012\/05\/73david-150x49.jpg 150w\" sizes=\"auto, (max-width: 670px) 100vw, 670px\" \/><br \/>\n<b><u>2012-05-04:<\/b><\/u> F\u00f6r f\u00f6rsta g\u00e5ngen i Obiter Dictum s\u00e5 krockar redaktionens kalendrar till den grad att det inte g\u00e5r att g\u00f6ra ett regelr\u00e4tt avsnitt. I st\u00e4llet blir det en pod i spr\u00e5nget. Vi hinner med att prata om huruvida nya \u00bbPrometheus\u00ab-trailern \u00e4r f\u00f6r spoilrig, om nya \u00bbDark Knight Rises\u00ab-trailern \u00e4r olycksb\u00e5dande &#8211; och s\u00e5 blir det #VanDammeCirkel med \u00bbSudden Death\u00ab. Medverkar i avsnittet g\u00f6r <strong>Tobias Norstr\u00f6m<\/strong> och <strong>Billy Rimgard<\/strong>. Vi tar igen det stressade n\u00e4sta vecka.<\/p>\n<p><a href=\"http:\/\/www.odpod.se\/pod\/Obiter_Dictum-2012-05-04-Avsnitt_73.mp3\">Ladda ner som mp3<\/a><br \/>\n<a href=\"http:\/\/phobos.apple.com\/WebObjects\/MZStore.woa\/wa\/viewPodcast?id=362341950\">Prenumerera p\u00e5 podcasten via iTunes<\/a>.<br \/>\n<a href=\"http:\/\/odpod.no-ip.org\/odpod.xml\" target=\"_blank\">Prenumerera i annat program (rss)<\/a><\/p>\n<p>Lyssna direkt:<br \/>\n<audio class=\"wp-audio-shortcode\" id=\"audio-1182-1\" preload=\"none\" style=\"width: 100%;\" controls=\"controls\"><source type=\"audio\/mpeg\" src=\"http:\/\/www.odpod.se\/pod\/Obiter_Dictum-2012-05-04-Avsnitt_73.mp3?_=1\" \/><a href=\"http:\/\/www.odpod.se\/pod\/Obiter_Dictum-2012-05-04-Avsnitt_73.mp3\">http:\/\/www.odpod.se\/pod\/Obiter_Dictum-2012-05-04-Avsnitt_73.mp3<\/a><\/audio><\/p>\n<p><a href=\"http:\/\/www.facebook.com\/odpod\/\" target=\"_blank\">F\u00f6lj oss p\u00e5 Facebook<\/a>. <\/p>\n","protected":false},"excerpt":{"rendered":"<p>2012-05-04: F\u00f6r f\u00f6rsta g\u00e5ngen i Obiter Dictum s\u00e5 krockar redaktionens kalendrar till den grad att det inte g\u00e5r att g\u00f6ra ett regelr\u00e4tt avsnitt. I st\u00e4llet blir det en pod i spr\u00e5nget. Vi hinner med att prata om huruvida nya \u00bbPrometheus\u00ab-trailern \u00e4r f\u00f6r spoilrig, om nya \u00bbDark Knight Rises\u00ab-trailern \u00e4r olycksb\u00e5dande &#8211; och s\u00e5 blir det [&hellip;]<\/p>\n","protected":false},"author":6,"featured_media":0,"comment_status":"open","ping_status":"open","sticky":false,"template":"","format":"standard","meta":{"_genesis_hide_title":false,"_genesis_hide_breadcrumbs":false,"_genesis_hide_singular_image":false,"_genesis_hide_footer_widgets":false,"_genesis_custom_body_class":"","_genesis_custom_post_class":"","_genesis_layout":"","footnotes":""},"categories":[10],"tags":[],"class_list":["post-1182","post","type-post","status-publish","format-standard","category-nya-odpod","entry"],"aioseo_notices":[],"aioseo_head":"\n\t\t<!-- All in One SEO 5.0.1.1 - aioseo.com -->\n\t<meta name=\"description\" content=\"2012-05-04: F\u00f6r f\u00f6rsta g\u00e5ngen i Obiter Dictum s\u00e5 krockar redaktionens kalendrar till den grad att det inte g\u00e5r att g\u00f6ra ett regelr\u00e4tt avsnitt. I st\u00e4llet blir det en pod i spr\u00e5nget. Vi hinner med att prata om huruvida nya \u00bbPrometheus\u00ab-trailern \u00e4r f\u00f6r spoilrig, om nya \u00bbDark Knight Rises\u00ab-trailern \u00e4r olycksb\u00e5dande - och s\u00e5 blir det\" \/>\n\t<meta name=\"robots\" content=\"max-image-preview:large\" \/>\n\t<meta name=\"author\" content=\"Obiter dictum\"\/>\n\t<link rel=\"canonical\" href=\"https:\/\/www.odpod.se\/index.php\/2012\/05\/podcast-73-i-spranget\/\" \/>\n\t<meta name=\"generator\" content=\"All in One SEO (AIOSEO) 5.0.1.1\" \/>\n\t\t<meta property=\"og:locale\" content=\"sv_SE\" \/>\n\t\t<meta property=\"og:site_name\" content=\"Obiter Dictum podcast\" \/>\n\t\t<meta property=\"og:type\" content=\"article\" \/>\n\t\t<meta property=\"og:title\" content=\"Podcast #73: \u201dI spr\u00e5nget\u201d | Obiter Dictum podcast\" \/>\n\t\t<meta property=\"og:description\" content=\"2012-05-04: F\u00f6r f\u00f6rsta g\u00e5ngen i Obiter Dictum s\u00e5 krockar redaktionens kalendrar till den grad att det inte g\u00e5r att g\u00f6ra ett regelr\u00e4tt avsnitt. I st\u00e4llet blir det en pod i spr\u00e5nget. Vi hinner med att prata om huruvida nya \u00bbPrometheus\u00ab-trailern \u00e4r f\u00f6r spoilrig, om nya \u00bbDark Knight Rises\u00ab-trailern \u00e4r olycksb\u00e5dande - och s\u00e5 blir det\" \/>\n\t\t<meta property=\"og:url\" content=\"https:\/\/www.odpod.se\/index.php\/2012\/05\/podcast-73-i-spranget\/\" \/>\n\t\t<meta property=\"article:published_time\" content=\"2012-05-04T07:08:47+00:00\" \/>\n\t\t<meta property=\"article:modified_time\" content=\"2013-09-17T19:49:31+00:00\" \/>\n\t\t<meta name=\"twitter:card\" content=\"summary_large_image\" \/>\n\t\t<meta name=\"twitter:site\" content=\"@odpodcast\" \/>\n\t\t<meta name=\"twitter:title\" content=\"Podcast #73: \u201dI spr\u00e5nget\u201d | Obiter Dictum podcast\" \/>\n\t\t<meta name=\"twitter:description\" content=\"2012-05-04: F\u00f6r f\u00f6rsta g\u00e5ngen i Obiter Dictum s\u00e5 krockar redaktionens kalendrar till den grad att det inte g\u00e5r att g\u00f6ra ett regelr\u00e4tt avsnitt. I st\u00e4llet blir det en pod i spr\u00e5nget. Vi hinner med att prata om huruvida nya \u00bbPrometheus\u00ab-trailern \u00e4r f\u00f6r spoilrig, om nya \u00bbDark Knight Rises\u00ab-trailern \u00e4r olycksb\u00e5dande - och s\u00e5 blir det\" \/>\n\t\t<script type=\"application\/ld+json\" class=\"aioseo-schema\">\n\t\t\t{\"@context\":\"https:\\\/\\\/schema.org\",\"@graph\":[{\"@type\":\"Article\",\"@id\":\"https:\\\/\\\/www.odpod.se\\\/index.php\\\/2012\\\/05\\\/podcast-73-i-spranget\\\/#article\",\"name\":\"Podcast #73: \\u201dI spr\\u00e5nget\\u201d | Obiter Dictum podcast\",\"headline\":\"Podcast #73: &#8221;I spr\\u00e5nget&#8221;\",\"author\":{\"@id\":\"https:\\\/\\\/www.odpod.se\\\/index.php\\\/author\\\/obiterdictum\\\/#author\"},\"publisher\":{\"@id\":\"https:\\\/\\\/www.odpod.se\\\/#organization\"},\"image\":{\"@type\":\"ImageObject\",\"url\":\"https:\\\/\\\/www.odpod.se\\\/wp-content\\\/uploads\\\/2012\\\/05\\\/73david.jpg\",\"@id\":\"https:\\\/\\\/www.odpod.se\\\/index.php\\\/2012\\\/05\\\/podcast-73-i-spranget\\\/#articleImage\",\"width\":670,\"height\":223,\"caption\":\"Prometheus David\"},\"datePublished\":\"2012-05-04T08:08:47+02:00\",\"dateModified\":\"2013-09-17T23:49:31+02:00\",\"inLanguage\":\"sv-SE\",\"commentCount\":21,\"mainEntityOfPage\":{\"@id\":\"https:\\\/\\\/www.odpod.se\\\/index.php\\\/2012\\\/05\\\/podcast-73-i-spranget\\\/#webpage\"},\"isPartOf\":{\"@id\":\"https:\\\/\\\/www.odpod.se\\\/index.php\\\/2012\\\/05\\\/podcast-73-i-spranget\\\/#webpage\"},\"articleSection\":\"Podcast\"},{\"@type\":\"BreadcrumbList\",\"@id\":\"https:\\\/\\\/www.odpod.se\\\/index.php\\\/2012\\\/05\\\/podcast-73-i-spranget\\\/#breadcrumblist\",\"itemListElement\":[{\"@type\":\"ListItem\",\"@id\":\"https:\\\/\\\/www.odpod.se#listItem\",\"position\":1,\"name\":\"Home\",\"item\":\"https:\\\/\\\/www.odpod.se\",\"nextItem\":{\"@type\":\"ListItem\",\"@id\":\"https:\\\/\\\/www.odpod.se\\\/index.php\\\/category\\\/nya-odpod\\\/#listItem\",\"name\":\"Podcast\"}},{\"@type\":\"ListItem\",\"@id\":\"https:\\\/\\\/www.odpod.se\\\/index.php\\\/category\\\/nya-odpod\\\/#listItem\",\"position\":2,\"name\":\"Podcast\",\"item\":\"https:\\\/\\\/www.odpod.se\\\/index.php\\\/category\\\/nya-odpod\\\/\",\"nextItem\":{\"@type\":\"ListItem\",\"@id\":\"https:\\\/\\\/www.odpod.se\\\/index.php\\\/2012\\\/05\\\/podcast-73-i-spranget\\\/#listItem\",\"name\":\"Podcast #73: &#8221;I spr\\u00e5nget&#8221;\"},\"previousItem\":{\"@type\":\"ListItem\",\"@id\":\"https:\\\/\\\/www.odpod.se#listItem\",\"name\":\"Home\"}},{\"@type\":\"ListItem\",\"@id\":\"https:\\\/\\\/www.odpod.se\\\/index.php\\\/2012\\\/05\\\/podcast-73-i-spranget\\\/#listItem\",\"position\":3,\"name\":\"Podcast #73: &#8221;I spr\\u00e5nget&#8221;\",\"previousItem\":{\"@type\":\"ListItem\",\"@id\":\"https:\\\/\\\/www.odpod.se\\\/index.php\\\/category\\\/nya-odpod\\\/#listItem\",\"name\":\"Podcast\"}}]},{\"@type\":\"Organization\",\"@id\":\"https:\\\/\\\/www.odpod.se\\\/#organization\",\"name\":\"Obiter Dictum podcast\",\"url\":\"https:\\\/\\\/www.odpod.se\\\/\"},{\"@type\":\"Person\",\"@id\":\"https:\\\/\\\/www.odpod.se\\\/index.php\\\/author\\\/obiterdictum\\\/#author\",\"url\":\"https:\\\/\\\/www.odpod.se\\\/index.php\\\/author\\\/obiterdictum\\\/\",\"name\":\"Obiter dictum\",\"image\":{\"@type\":\"ImageObject\",\"@id\":\"https:\\\/\\\/www.odpod.se\\\/index.php\\\/2012\\\/05\\\/podcast-73-i-spranget\\\/#authorImage\",\"url\":\"https:\\\/\\\/secure.gravatar.com\\\/avatar\\\/2ee3be7bd5d90bcc59df27f519b5c734f4f60774ffd6b3acc429c659b4b2286c?s=96&d=mm&r=g\",\"width\":96,\"height\":96,\"caption\":\"Obiter dictum\"}},{\"@type\":\"WebPage\",\"@id\":\"https:\\\/\\\/www.odpod.se\\\/index.php\\\/2012\\\/05\\\/podcast-73-i-spranget\\\/#webpage\",\"url\":\"https:\\\/\\\/www.odpod.se\\\/index.php\\\/2012\\\/05\\\/podcast-73-i-spranget\\\/\",\"name\":\"Podcast #73: \\u201dI spr\\u00e5nget\\u201d | Obiter Dictum podcast\",\"description\":\"2012-05-04: F\\u00f6r f\\u00f6rsta g\\u00e5ngen i Obiter Dictum s\\u00e5 krockar redaktionens kalendrar till den grad att det inte g\\u00e5r att g\\u00f6ra ett regelr\\u00e4tt avsnitt. I st\\u00e4llet blir det en pod i spr\\u00e5nget. Vi hinner med att prata om huruvida nya \\u00bbPrometheus\\u00ab-trailern \\u00e4r f\\u00f6r spoilrig, om nya \\u00bbDark Knight Rises\\u00ab-trailern \\u00e4r olycksb\\u00e5dande - och s\\u00e5 blir det\",\"inLanguage\":\"sv-SE\",\"isPartOf\":{\"@id\":\"https:\\\/\\\/www.odpod.se\\\/#website\"},\"breadcrumb\":{\"@id\":\"https:\\\/\\\/www.odpod.se\\\/index.php\\\/2012\\\/05\\\/podcast-73-i-spranget\\\/#breadcrumblist\"},\"author\":{\"@id\":\"https:\\\/\\\/www.odpod.se\\\/index.php\\\/author\\\/obiterdictum\\\/#author\"},\"creator\":{\"@id\":\"https:\\\/\\\/www.odpod.se\\\/index.php\\\/author\\\/obiterdictum\\\/#author\"},\"datePublished\":\"2012-05-04T08:08:47+02:00\",\"dateModified\":\"2013-09-17T23:49:31+02:00\"},{\"@type\":\"WebSite\",\"@id\":\"https:\\\/\\\/www.odpod.se\\\/#website\",\"url\":\"https:\\\/\\\/www.odpod.se\\\/\",\"name\":\"Obiter Dictum podcast\",\"inLanguage\":\"sv-SE\",\"publisher\":{\"@id\":\"https:\\\/\\\/www.odpod.se\\\/#organization\"}}]}\n\t\t<\/script>\n\t\t<!-- All in One SEO -->\n\n","aioseo_head_json":{"title":"Podcast #73: \u201dI spr\u00e5nget\u201d | Obiter Dictum podcast","description":"2012-05-04: F\u00f6r f\u00f6rsta g\u00e5ngen i Obiter Dictum s\u00e5 krockar redaktionens kalendrar till den grad att det inte g\u00e5r att g\u00f6ra ett regelr\u00e4tt avsnitt. I st\u00e4llet blir det en pod i spr\u00e5nget. Vi hinner med att prata om huruvida nya \u00bbPrometheus\u00ab-trailern \u00e4r f\u00f6r spoilrig, om nya \u00bbDark Knight Rises\u00ab-trailern \u00e4r olycksb\u00e5dande - och s\u00e5 blir det","canonical_url":"https:\/\/www.odpod.se\/index.php\/2012\/05\/podcast-73-i-spranget\/","robots":"max-image-preview:large","keywords":"","webmasterTools":{"miscellaneous":""},"schema":{"@context":"https:\/\/schema.org","@graph":[{"@type":"Article","@id":"https:\/\/www.odpod.se\/index.php\/2012\/05\/podcast-73-i-spranget\/#article","name":"Podcast #73: \u201dI spr\u00e5nget\u201d | Obiter Dictum podcast","headline":"Podcast #73: &#8221;I spr\u00e5nget&#8221;","author":{"@id":"https:\/\/www.odpod.se\/index.php\/author\/obiterdictum\/#author"},"publisher":{"@id":"https:\/\/www.odpod.se\/#organization"},"image":{"@type":"ImageObject","url":"https:\/\/www.odpod.se\/wp-content\/uploads\/2012\/05\/73david.jpg","@id":"https:\/\/www.odpod.se\/index.php\/2012\/05\/podcast-73-i-spranget\/#articleImage","width":670,"height":223,"caption":"Prometheus David"},"datePublished":"2012-05-04T08:08:47+02:00","dateModified":"2013-09-17T23:49:31+02:00","inLanguage":"sv-SE","commentCount":21,"mainEntityOfPage":{"@id":"https:\/\/www.odpod.se\/index.php\/2012\/05\/podcast-73-i-spranget\/#webpage"},"isPartOf":{"@id":"https:\/\/www.odpod.se\/index.php\/2012\/05\/podcast-73-i-spranget\/#webpage"},"articleSection":"Podcast"},{"@type":"BreadcrumbList","@id":"https:\/\/www.odpod.se\/index.php\/2012\/05\/podcast-73-i-spranget\/#breadcrumblist","itemListElement":[{"@type":"ListItem","@id":"https:\/\/www.odpod.se#listItem","position":1,"name":"Home","item":"https:\/\/www.odpod.se","nextItem":{"@type":"ListItem","@id":"https:\/\/www.odpod.se\/index.php\/category\/nya-odpod\/#listItem","name":"Podcast"}},{"@type":"ListItem","@id":"https:\/\/www.odpod.se\/index.php\/category\/nya-odpod\/#listItem","position":2,"name":"Podcast","item":"https:\/\/www.odpod.se\/index.php\/category\/nya-odpod\/","nextItem":{"@type":"ListItem","@id":"https:\/\/www.odpod.se\/index.php\/2012\/05\/podcast-73-i-spranget\/#listItem","name":"Podcast #73: &#8221;I spr\u00e5nget&#8221;"},"previousItem":{"@type":"ListItem","@id":"https:\/\/www.odpod.se#listItem","name":"Home"}},{"@type":"ListItem","@id":"https:\/\/www.odpod.se\/index.php\/2012\/05\/podcast-73-i-spranget\/#listItem","position":3,"name":"Podcast #73: &#8221;I spr\u00e5nget&#8221;","previousItem":{"@type":"ListItem","@id":"https:\/\/www.odpod.se\/index.php\/category\/nya-odpod\/#listItem","name":"Podcast"}}]},{"@type":"Organization","@id":"https:\/\/www.odpod.se\/#organization","name":"Obiter Dictum podcast","url":"https:\/\/www.odpod.se\/"},{"@type":"Person","@id":"https:\/\/www.odpod.se\/index.php\/author\/obiterdictum\/#author","url":"https:\/\/www.odpod.se\/index.php\/author\/obiterdictum\/","name":"Obiter dictum","image":{"@type":"ImageObject","@id":"https:\/\/www.odpod.se\/index.php\/2012\/05\/podcast-73-i-spranget\/#authorImage","url":"https:\/\/secure.gravatar.com\/avatar\/2ee3be7bd5d90bcc59df27f519b5c734f4f60774ffd6b3acc429c659b4b2286c?s=96&d=mm&r=g","width":96,"height":96,"caption":"Obiter dictum"}},{"@type":"WebPage","@id":"https:\/\/www.odpod.se\/index.php\/2012\/05\/podcast-73-i-spranget\/#webpage","url":"https:\/\/www.odpod.se\/index.php\/2012\/05\/podcast-73-i-spranget\/","name":"Podcast #73: \u201dI spr\u00e5nget\u201d | Obiter Dictum podcast","description":"2012-05-04: F\u00f6r f\u00f6rsta g\u00e5ngen i Obiter Dictum s\u00e5 krockar redaktionens kalendrar till den grad att det inte g\u00e5r att g\u00f6ra ett regelr\u00e4tt avsnitt. I st\u00e4llet blir det en pod i spr\u00e5nget. Vi hinner med att prata om huruvida nya \u00bbPrometheus\u00ab-trailern \u00e4r f\u00f6r spoilrig, om nya \u00bbDark Knight Rises\u00ab-trailern \u00e4r olycksb\u00e5dande - och s\u00e5 blir det","inLanguage":"sv-SE","isPartOf":{"@id":"https:\/\/www.odpod.se\/#website"},"breadcrumb":{"@id":"https:\/\/www.odpod.se\/index.php\/2012\/05\/podcast-73-i-spranget\/#breadcrumblist"},"author":{"@id":"https:\/\/www.odpod.se\/index.php\/author\/obiterdictum\/#author"},"creator":{"@id":"https:\/\/www.odpod.se\/index.php\/author\/obiterdictum\/#author"},"datePublished":"2012-05-04T08:08:47+02:00","dateModified":"2013-09-17T23:49:31+02:00"},{"@type":"WebSite","@id":"https:\/\/www.odpod.se\/#website","url":"https:\/\/www.odpod.se\/","name":"Obiter Dictum podcast","inLanguage":"sv-SE","publisher":{"@id":"https:\/\/www.odpod.se\/#organization"}}]},"og:locale":"sv_SE","og:site_name":"Obiter Dictum podcast","og:type":"article","og:title":"Podcast #73: \u201dI spr\u00e5nget\u201d | Obiter Dictum podcast","og:description":"2012-05-04: F\u00f6r f\u00f6rsta g\u00e5ngen i Obiter Dictum s\u00e5 krockar redaktionens kalendrar till den grad att det inte g\u00e5r att g\u00f6ra ett regelr\u00e4tt avsnitt. I st\u00e4llet blir det en pod i spr\u00e5nget. Vi hinner med att prata om huruvida nya \u00bbPrometheus\u00ab-trailern \u00e4r f\u00f6r spoilrig, om nya \u00bbDark Knight Rises\u00ab-trailern \u00e4r olycksb\u00e5dande - och s\u00e5 blir det","og:url":"https:\/\/www.odpod.se\/index.php\/2012\/05\/podcast-73-i-spranget\/","article:published_time":"2012-05-04T07:08:47+00:00","article:modified_time":"2013-09-17T19:49:31+00:00","twitter:card":"summary_large_image","twitter:site":"@odpodcast","twitter:title":"Podcast #73: \u201dI spr\u00e5nget\u201d | Obiter Dictum podcast","twitter:description":"2012-05-04: F\u00f6r f\u00f6rsta g\u00e5ngen i Obiter Dictum s\u00e5 krockar redaktionens kalendrar till den grad att det inte g\u00e5r att g\u00f6ra ett regelr\u00e4tt avsnitt. I st\u00e4llet blir det en pod i spr\u00e5nget. Vi hinner med att prata om huruvida nya \u00bbPrometheus\u00ab-trailern \u00e4r f\u00f6r spoilrig, om nya \u00bbDark Knight Rises\u00ab-trailern \u00e4r olycksb\u00e5dande - och s\u00e5 blir det"},"aioseo_meta_data":{"post_id":"1182","title":null,"description":null,"keywords":null,"keyphrases":null,"primary_term":null,"canonical_url":null,"og_title":null,"og_description":null,"og_object_type":"default","og_image_type":"default","og_image_url":null,"og_image_width":null,"og_image_height":null,"og_image_custom_url":null,"og_image_custom_fields":null,"og_video":null,"og_custom_url":null,"og_article_section":null,"og_article_tags":null,"twitter_use_og":false,"twitter_card":"default","twitter_image_type":"default","twitter_image_url":null,"twitter_image_custom_url":null,"twitter_image_custom_fields":null,"twitter_title":null,"twitter_description":null,"schema":{"blockGraphs":[],"customGraphs":[],"default":{"data":{"Article":[],"Course":[],"Dataset":[],"FAQPage":[],"Movie":[],"Person":[],"Product":[],"ProductReview":[],"Car":[],"Recipe":[],"Service":[],"SoftwareApplication":[],"WebPage":[]},"graphName":"Article","isEnabled":true},"graphs":[]},"schema_type":null,"schema_type_options":null,"pillar_content":false,"robots_default":true,"robots_noindex":false,"robots_noarchive":false,"robots_nosnippet":false,"robots_nofollow":false,"robots_noimageindex":false,"robots_noodp":false,"robots_notranslate":false,"robots_max_snippet":null,"robots_max_videopreview":null,"robots_max_imagepreview":"large","priority":null,"frequency":null,"location":null,"local_seo":null,"breadcrumb_settings":null,"limit_modified_date":false,"created":"2021-04-01 21:25:28","updated":"2023-03-22 21:32:03","ai":null,"seo_analyzer_scan_date":null,"focus_keyword":null,"additional_keywords":null,"truseo_locale":null},"aioseo_breadcrumb":"<div class=\"aioseo-breadcrumbs\"><span class=\"aioseo-breadcrumb\">\n\t\t\t<a href=\"https:\/\/www.odpod.se\" title=\"Home\">Home<\/a>\n\t\t<\/span><span class=\"aioseo-breadcrumb-separator\">&raquo;<\/span><span class=\"aioseo-breadcrumb\">\n\t\t\t<a href=\"https:\/\/www.odpod.se\/index.php\/category\/nya-odpod\/\" title=\"Podcast\">Podcast<\/a>\n\t\t<\/span><span class=\"aioseo-breadcrumb-separator\">&raquo;<\/span><span class=\"aioseo-breadcrumb\">\n\t\t\tPodcast #73: \u201dI spr\u00e5nget\u201d\n\t\t<\/span><\/div>","aioseo_breadcrumb_json":[{"label":"Home","link":"https:\/\/www.odpod.se"},{"label":"Podcast","link":"https:\/\/www.odpod.se\/index.php\/category\/nya-odpod\/"},{"label":"Podcast #73: &#8221;I spr\u00e5nget&#8221;","link":"https:\/\/www.odpod.se\/index.php\/2012\/05\/podcast-73-i-spranget\/"}],"_links":{"self":[{"href":"https:\/\/www.odpod.se\/index.php\/wp-json\/wp\/v2\/posts\/1182","targetHints":{"allow":["GET"]}}],"collection":[{"href":"https:\/\/www.odpod.se\/index.php\/wp-json\/wp\/v2\/posts"}],"about":[{"href":"https:\/\/www.odpod.se\/index.php\/wp-json\/wp\/v2\/types\/post"}],"author":[{"embeddable":true,"href":"https:\/\/www.odpod.se\/index.php\/wp-json\/wp\/v2\/users\/6"}],"replies":[{"embeddable":true,"href":"https:\/\/www.odpod.se\/index.php\/wp-json\/wp\/v2\/comments?post=1182"}],"version-history":[{"count":9,"href":"https:\/\/www.odpod.se\/index.php\/wp-json\/wp\/v2\/posts\/1182\/revisions"}],"predecessor-version":[{"id":1968,"href":"https:\/\/www.odpod.se\/index.php\/wp-json\/wp\/v2\/posts\/1182\/revisions\/1968"}],"wp:attachment":[{"href":"https:\/\/www.odpod.se\/index.php\/wp-json\/wp\/v2\/media?parent=1182"}],"wp:term":[{"taxonomy":"category","embeddable":true,"href":"https:\/\/www.odpod.se\/index.php\/wp-json\/wp\/v2\/categories?post=1182"},{"taxonomy":"post_tag","embeddable":true,"href":"https:\/\/www.odpod.se\/index.php\/wp-json\/wp\/v2\/tags?post=1182"}],"curies":[{"name":"wp","href":"https:\/\/api.w.org\/{rel}","templated":true}]}}