{"id":1146,"date":"2012-04-13T01:58:03","date_gmt":"2012-04-13T00:58:03","guid":{"rendered":"http:\/\/www.odpod.se\/?p=1146"},"modified":"2013-09-17T23:56:38","modified_gmt":"2013-09-17T19:56:38","slug":"podcast-70-skolan-i-popkulture","status":"publish","type":"post","link":"https:\/\/www.odpod.se\/index.php\/2012\/04\/podcast-70-skolan-i-popkulture\/","title":{"rendered":"Podcast #70: &#8221;Ett visst m\u00e5tt av kaos m\u00e5ste r\u00e4knas med i katastrofmodeller&#8221;"},"content":{"rendered":"<p><img loading=\"lazy\" decoding=\"async\" src=\"http:\/\/www.odpod.se\/wp-content\/uploads\/2012\/04\/70savedbythebell.jpg\" alt=\"Saved By The Bell\" width=\"670\" height=\"223\" class=\"alignnone size-full wp-image-1974\" srcset=\"https:\/\/www.odpod.se\/wp-content\/uploads\/2012\/04\/70savedbythebell.jpg 670w, https:\/\/www.odpod.se\/wp-content\/uploads\/2012\/04\/70savedbythebell-150x49.jpg 150w\" sizes=\"auto, (max-width: 670px) 100vw, 670px\" \/><br \/>\n<b><u>2012-04-13:<\/b><\/u> Skolan har en alldeles speciell plats i popul\u00e4rkulturen. Som centrum f\u00f6r en betydande del av den v\u00e4sterl\u00e4ndska ungdomskulturen \u00e4r den en p\u00e5 m\u00e5nga s\u00e4tt oumb\u00e4rlig del av s\u00e5v\u00e4l verkligheten som fiktionen. Obiter Dictum snackar high school-drama, utanf\u00f6rskap och  ringar in vilken roll skolan spelar som kulturell symbol och social arena. Dessutom funderar vi \u00f6ver hur man forskar i lulz och tar en ny tur i popkulturens eget \u00bbP\u00e5 Sp\u00e5ret\u00ab. Medverkar i avsnittet g\u00f6r <strong>Tobias Norstr\u00f6m<\/strong> och <strong>Billy Rimgard<\/strong>. <\/p>\n<p><a href=\"http:\/\/www.odpod.se\/pod\/Obiter_Dictum-2012-04-13-Avsnitt_70.mp3\">Ladda ner som mp3<\/a><br \/>\n<a href=\"http:\/\/phobos.apple.com\/WebObjects\/MZStore.woa\/wa\/viewPodcast?id=362341950\">Prenumerera i iTunes<\/a>.<br \/>\n<a href=\"http:\/\/odpod.no-ip.org\/odpod.xml\" target=\"_blank\">Prenumerera i annat program (rss)<\/a><\/p>\n<p>Lyssna direkt:<br \/>\n<audio class=\"wp-audio-shortcode\" id=\"audio-1146-1\" preload=\"none\" style=\"width: 100%;\" controls=\"controls\"><source type=\"audio\/mpeg\" src=\"http:\/\/www.odpod.se\/pod\/Obiter_Dictum-2012-04-13-Avsnitt_70.mp3?_=1\" \/><a href=\"http:\/\/www.odpod.se\/pod\/Obiter_Dictum-2012-04-13-Avsnitt_70.mp3\">http:\/\/www.odpod.se\/pod\/Obiter_Dictum-2012-04-13-Avsnitt_70.mp3<\/a><\/audio><\/p>\n<p><!--more--><\/p>\n<p><a href=\"http:\/\/www.facebook.com\/odpod\/\" target=\"_blank\">F\u00f6lj oss p\u00e5 Facebook<\/a>. <\/p>\n<p><b><u>AVSNITTETS L\u00c4NKAR:<\/b><\/u><\/p>\n<p>R\u00f6sta p\u00e5 om Tobias ska framf\u00f6ra \u00bbGangsta&#8217;s Paradise\u00ab uppe till v\u00e4nster h\u00e4r p\u00e5 sajten.<\/p>\n<p>Bland v\u00e5ra favoritavsnitt finns s\u00e4songsavslutningarna om <a href=\"http:\/\/www.odpod.se\/index.php\/2010\/06\/blade-runner\/\" target=\"_blank\">\u00bbBlade Runner\u00ab<\/a>, <a href=\"http:\/\/www.odpod.se\/index.php\/2010\/12\/podcast-32-lycka-till-i-den-nya-varlden\/\" target=\"_blank\">post-apokalypsen<\/a> och <a href=\"http:\/\/www.odpod.se\/index.php\/2011\/12\/podcast-60-the-singularity\/\" target=\"_blank\">singulariteten<\/a>. Men \u00e4ven specialavsnitten om <a href=\"http:\/\/www.odpod.se\/index.php\/2010\/12\/podcast-31-jag-tanker-pa-scenen-med-inflygningen-mot-on\/\" target=\"_blank\">soundtracks<\/a> och <a href=\"http:\/\/www.odpod.se\/index.php\/2010\/09\/podcast-19-big-ole-kittleson-havdar-att-han-blev-attackerad\/\" target=\"_blank\">kryptozoologi<\/a>. <\/p>\n<p><a href=\"http:\/\/www.mapofthedead.com\/\" target=\"_blank\">Map of the Dead<\/a> \u00e4r ett verktyg som hj\u00e4lper till vid zombieapokalypsen. TV-serien <a href=\"http:\/\/www.youtube.com\/watch?v=dvQ_qJYZ-7A\" target=\"_blank\">\u00bbTouch\u00ab<\/a> v\u00e4cker oenighet i redaktionen. \u00bbGame of Thrones\u00ab \u00e4r <a href=\"http:\/\/insidetv.ew.com\/2012\/04\/10\/game-of-thrones-renewed-3\/\" target=\"_blank\">f\u00f6rnyat f\u00f6r s\u00e4song 3<\/a>. <b>Gabriella Coleman<\/b> studerar the lulz, och hon dyker upp i lysande avsnittet <a href=\"http:\/\/wfmu.org\/playlists\/shows\/44638\" target=\"_blank\">\u00bbdoing it for the LULZ\u00ab<\/a> av radioshowen \u00bbToo Much Information with Benjamen Walker\u00ab.<\/p>\n<p>I \u00bbFreaks and Geeks\u00ab finns en grym <a href=\"http:\/\/www.youtube.com\/watch?v=hJAGxAeV7YU\" target=\"_blank\">Dungeons &#038; Dragons<\/a>-scen.<\/p>\n<p>N\u00e4sta del i #VanDammeCirkeln \u00e4r <a href=\"http:\/\/thepiratebay.se\/torrent\/3926654\/Hard_Target(Van_Damme)[1993]DvDrip[Eng]-prithwi.avi\" target=\"_blank\">\u00bbHard Target\u00ab<\/a>.<\/p>\n<p>POST SCRIPTUM: Tobias tipsar om Werner Herzogs dokument\u00e4r <a href=\"http:\/\/www.youtube.com\/watch?v=WSKl-dsCcK0\" target=\"_blank\">Into the Abyss<\/a>. Billy tipsar om avsnittet <a href=\"http:\/\/www.startalkradio.net\/?p=38\" target=\"_blank\"\u00bbThe Physics of Superheroes\u00ab<\/a> i <b>Neil Degrasse Tyson<\/b>s podcast \u00bbStarTalk Radio\u00ab.<\/p>\n","protected":false},"excerpt":{"rendered":"<p>2012-04-13: Skolan har en alldeles speciell plats i popul\u00e4rkulturen. Som centrum f\u00f6r en betydande del av den v\u00e4sterl\u00e4ndska ungdomskulturen \u00e4r den en p\u00e5 m\u00e5nga s\u00e4tt oumb\u00e4rlig del av s\u00e5v\u00e4l verkligheten som fiktionen. Obiter Dictum snackar high school-drama, utanf\u00f6rskap och ringar in vilken roll skolan spelar som kulturell symbol och social arena. Dessutom funderar vi \u00f6ver [&hellip;]<\/p>\n","protected":false},"author":6,"featured_media":0,"comment_status":"open","ping_status":"open","sticky":false,"template":"","format":"standard","meta":{"_genesis_hide_title":false,"_genesis_hide_breadcrumbs":false,"_genesis_hide_singular_image":false,"_genesis_hide_footer_widgets":false,"_genesis_custom_body_class":"","_genesis_custom_post_class":"","_genesis_layout":"","footnotes":""},"categories":[10],"tags":[],"class_list":["post-1146","post","type-post","status-publish","format-standard","category-nya-odpod","entry"],"aioseo_notices":[],"aioseo_head":"\n\t\t<!-- All in One SEO 5.0.1.1 - aioseo.com -->\n\t<meta name=\"description\" content=\"Skolan har en alldeles speciell plats i popul\u00e4rkulturen. Som centrum f\u00f6r en betydande del av den v\u00e4sterl\u00e4ndska ungdomskulturen \u00e4r den en p\u00e5 m\u00e5nga s\u00e4tt oumb\u00e4rlig del av s\u00e5v\u00e4l verklighetnen som fiktionen.\" \/>\n\t<meta name=\"robots\" content=\"max-image-preview:large\" \/>\n\t<meta name=\"author\" content=\"Obiter dictum\"\/>\n\t<link rel=\"canonical\" href=\"https:\/\/www.odpod.se\/index.php\/2012\/04\/podcast-70-skolan-i-popkulture\/\" \/>\n\t<meta name=\"generator\" content=\"All in One SEO (AIOSEO) 5.0.1.1\" \/>\n\t\t<meta property=\"og:locale\" content=\"sv_SE\" \/>\n\t\t<meta property=\"og:site_name\" content=\"Obiter Dictum podcast\" \/>\n\t\t<meta property=\"og:type\" content=\"article\" \/>\n\t\t<meta property=\"og:title\" content=\"Skolan i popkulturen, katastrofmodeller, Touch | Obiter Dictum podcast\" \/>\n\t\t<meta property=\"og:description\" content=\"Skolan har en alldeles speciell plats i popul\u00e4rkulturen. Som centrum f\u00f6r en betydande del av den v\u00e4sterl\u00e4ndska ungdomskulturen \u00e4r den en p\u00e5 m\u00e5nga s\u00e4tt oumb\u00e4rlig del av s\u00e5v\u00e4l verklighetnen som fiktionen.\" \/>\n\t\t<meta property=\"og:url\" content=\"https:\/\/www.odpod.se\/index.php\/2012\/04\/podcast-70-skolan-i-popkulture\/\" \/>\n\t\t<meta property=\"article:published_time\" content=\"2012-04-13T00:58:03+00:00\" \/>\n\t\t<meta property=\"article:modified_time\" content=\"2013-09-17T19:56:38+00:00\" \/>\n\t\t<meta name=\"twitter:card\" content=\"summary_large_image\" \/>\n\t\t<meta name=\"twitter:site\" content=\"@odpodcast\" \/>\n\t\t<meta name=\"twitter:title\" content=\"Skolan i popkulturen, katastrofmodeller, Touch | Obiter Dictum podcast\" \/>\n\t\t<meta name=\"twitter:description\" content=\"Skolan har en alldeles speciell plats i popul\u00e4rkulturen. Som centrum f\u00f6r en betydande del av den v\u00e4sterl\u00e4ndska ungdomskulturen \u00e4r den en p\u00e5 m\u00e5nga s\u00e4tt oumb\u00e4rlig del av s\u00e5v\u00e4l verklighetnen som fiktionen.\" \/>\n\t\t<script type=\"application\/ld+json\" class=\"aioseo-schema\">\n\t\t\t{\"@context\":\"https:\\\/\\\/schema.org\",\"@graph\":[{\"@type\":\"Article\",\"@id\":\"https:\\\/\\\/www.odpod.se\\\/index.php\\\/2012\\\/04\\\/podcast-70-skolan-i-popkulture\\\/#article\",\"name\":\"Skolan i popkulturen, katastrofmodeller, Touch | Obiter Dictum podcast\",\"headline\":\"Podcast #70: &#8221;Ett visst m\\u00e5tt av kaos m\\u00e5ste r\\u00e4knas med i katastrofmodeller&#8221;\",\"author\":{\"@id\":\"https:\\\/\\\/www.odpod.se\\\/index.php\\\/author\\\/obiterdictum\\\/#author\"},\"publisher\":{\"@id\":\"https:\\\/\\\/www.odpod.se\\\/#organization\"},\"image\":{\"@type\":\"ImageObject\",\"url\":\"https:\\\/\\\/www.odpod.se\\\/wp-content\\\/uploads\\\/2012\\\/04\\\/70savedbythebell.jpg\",\"@id\":\"https:\\\/\\\/www.odpod.se\\\/index.php\\\/2012\\\/04\\\/podcast-70-skolan-i-popkulture\\\/#articleImage\",\"width\":670,\"height\":223,\"caption\":\"Saved By The Bell\"},\"datePublished\":\"2012-04-13T01:58:03+02:00\",\"dateModified\":\"2013-09-17T23:56:38+02:00\",\"inLanguage\":\"sv-SE\",\"commentCount\":37,\"mainEntityOfPage\":{\"@id\":\"https:\\\/\\\/www.odpod.se\\\/index.php\\\/2012\\\/04\\\/podcast-70-skolan-i-popkulture\\\/#webpage\"},\"isPartOf\":{\"@id\":\"https:\\\/\\\/www.odpod.se\\\/index.php\\\/2012\\\/04\\\/podcast-70-skolan-i-popkulture\\\/#webpage\"},\"articleSection\":\"Podcast\"},{\"@type\":\"BreadcrumbList\",\"@id\":\"https:\\\/\\\/www.odpod.se\\\/index.php\\\/2012\\\/04\\\/podcast-70-skolan-i-popkulture\\\/#breadcrumblist\",\"itemListElement\":[{\"@type\":\"ListItem\",\"@id\":\"https:\\\/\\\/www.odpod.se#listItem\",\"position\":1,\"name\":\"Home\",\"item\":\"https:\\\/\\\/www.odpod.se\",\"nextItem\":{\"@type\":\"ListItem\",\"@id\":\"https:\\\/\\\/www.odpod.se\\\/index.php\\\/category\\\/nya-odpod\\\/#listItem\",\"name\":\"Podcast\"}},{\"@type\":\"ListItem\",\"@id\":\"https:\\\/\\\/www.odpod.se\\\/index.php\\\/category\\\/nya-odpod\\\/#listItem\",\"position\":2,\"name\":\"Podcast\",\"item\":\"https:\\\/\\\/www.odpod.se\\\/index.php\\\/category\\\/nya-odpod\\\/\",\"nextItem\":{\"@type\":\"ListItem\",\"@id\":\"https:\\\/\\\/www.odpod.se\\\/index.php\\\/2012\\\/04\\\/podcast-70-skolan-i-popkulture\\\/#listItem\",\"name\":\"Podcast #70: &#8221;Ett visst m\\u00e5tt av kaos m\\u00e5ste r\\u00e4knas med i katastrofmodeller&#8221;\"},\"previousItem\":{\"@type\":\"ListItem\",\"@id\":\"https:\\\/\\\/www.odpod.se#listItem\",\"name\":\"Home\"}},{\"@type\":\"ListItem\",\"@id\":\"https:\\\/\\\/www.odpod.se\\\/index.php\\\/2012\\\/04\\\/podcast-70-skolan-i-popkulture\\\/#listItem\",\"position\":3,\"name\":\"Podcast #70: &#8221;Ett visst m\\u00e5tt av kaos m\\u00e5ste r\\u00e4knas med i katastrofmodeller&#8221;\",\"previousItem\":{\"@type\":\"ListItem\",\"@id\":\"https:\\\/\\\/www.odpod.se\\\/index.php\\\/category\\\/nya-odpod\\\/#listItem\",\"name\":\"Podcast\"}}]},{\"@type\":\"Organization\",\"@id\":\"https:\\\/\\\/www.odpod.se\\\/#organization\",\"name\":\"Obiter Dictum podcast\",\"url\":\"https:\\\/\\\/www.odpod.se\\\/\"},{\"@type\":\"Person\",\"@id\":\"https:\\\/\\\/www.odpod.se\\\/index.php\\\/author\\\/obiterdictum\\\/#author\",\"url\":\"https:\\\/\\\/www.odpod.se\\\/index.php\\\/author\\\/obiterdictum\\\/\",\"name\":\"Obiter dictum\",\"image\":{\"@type\":\"ImageObject\",\"@id\":\"https:\\\/\\\/www.odpod.se\\\/index.php\\\/2012\\\/04\\\/podcast-70-skolan-i-popkulture\\\/#authorImage\",\"url\":\"https:\\\/\\\/secure.gravatar.com\\\/avatar\\\/2ee3be7bd5d90bcc59df27f519b5c734f4f60774ffd6b3acc429c659b4b2286c?s=96&d=mm&r=g\",\"width\":96,\"height\":96,\"caption\":\"Obiter dictum\"}},{\"@type\":\"WebPage\",\"@id\":\"https:\\\/\\\/www.odpod.se\\\/index.php\\\/2012\\\/04\\\/podcast-70-skolan-i-popkulture\\\/#webpage\",\"url\":\"https:\\\/\\\/www.odpod.se\\\/index.php\\\/2012\\\/04\\\/podcast-70-skolan-i-popkulture\\\/\",\"name\":\"Skolan i popkulturen, katastrofmodeller, Touch | Obiter Dictum podcast\",\"description\":\"Skolan har en alldeles speciell plats i popul\\u00e4rkulturen. Som centrum f\\u00f6r en betydande del av den v\\u00e4sterl\\u00e4ndska ungdomskulturen \\u00e4r den en p\\u00e5 m\\u00e5nga s\\u00e4tt oumb\\u00e4rlig del av s\\u00e5v\\u00e4l verklighetnen som fiktionen.\",\"inLanguage\":\"sv-SE\",\"isPartOf\":{\"@id\":\"https:\\\/\\\/www.odpod.se\\\/#website\"},\"breadcrumb\":{\"@id\":\"https:\\\/\\\/www.odpod.se\\\/index.php\\\/2012\\\/04\\\/podcast-70-skolan-i-popkulture\\\/#breadcrumblist\"},\"author\":{\"@id\":\"https:\\\/\\\/www.odpod.se\\\/index.php\\\/author\\\/obiterdictum\\\/#author\"},\"creator\":{\"@id\":\"https:\\\/\\\/www.odpod.se\\\/index.php\\\/author\\\/obiterdictum\\\/#author\"},\"datePublished\":\"2012-04-13T01:58:03+02:00\",\"dateModified\":\"2013-09-17T23:56:38+02:00\"},{\"@type\":\"WebSite\",\"@id\":\"https:\\\/\\\/www.odpod.se\\\/#website\",\"url\":\"https:\\\/\\\/www.odpod.se\\\/\",\"name\":\"Obiter Dictum podcast\",\"inLanguage\":\"sv-SE\",\"publisher\":{\"@id\":\"https:\\\/\\\/www.odpod.se\\\/#organization\"}}]}\n\t\t<\/script>\n\t\t<!-- All in One SEO -->\n\n","aioseo_head_json":{"title":"Skolan i popkulturen, katastrofmodeller, Touch | Obiter Dictum podcast","description":"Skolan har en alldeles speciell plats i popul\u00e4rkulturen. Som centrum f\u00f6r en betydande del av den v\u00e4sterl\u00e4ndska ungdomskulturen \u00e4r den en p\u00e5 m\u00e5nga s\u00e4tt oumb\u00e4rlig del av s\u00e5v\u00e4l verklighetnen som fiktionen.","canonical_url":"https:\/\/www.odpod.se\/index.php\/2012\/04\/podcast-70-skolan-i-popkulture\/","robots":"max-image-preview:large","keywords":"","webmasterTools":{"miscellaneous":""},"schema":{"@context":"https:\/\/schema.org","@graph":[{"@type":"Article","@id":"https:\/\/www.odpod.se\/index.php\/2012\/04\/podcast-70-skolan-i-popkulture\/#article","name":"Skolan i popkulturen, katastrofmodeller, Touch | Obiter Dictum podcast","headline":"Podcast #70: &#8221;Ett visst m\u00e5tt av kaos m\u00e5ste r\u00e4knas med i katastrofmodeller&#8221;","author":{"@id":"https:\/\/www.odpod.se\/index.php\/author\/obiterdictum\/#author"},"publisher":{"@id":"https:\/\/www.odpod.se\/#organization"},"image":{"@type":"ImageObject","url":"https:\/\/www.odpod.se\/wp-content\/uploads\/2012\/04\/70savedbythebell.jpg","@id":"https:\/\/www.odpod.se\/index.php\/2012\/04\/podcast-70-skolan-i-popkulture\/#articleImage","width":670,"height":223,"caption":"Saved By The Bell"},"datePublished":"2012-04-13T01:58:03+02:00","dateModified":"2013-09-17T23:56:38+02:00","inLanguage":"sv-SE","commentCount":37,"mainEntityOfPage":{"@id":"https:\/\/www.odpod.se\/index.php\/2012\/04\/podcast-70-skolan-i-popkulture\/#webpage"},"isPartOf":{"@id":"https:\/\/www.odpod.se\/index.php\/2012\/04\/podcast-70-skolan-i-popkulture\/#webpage"},"articleSection":"Podcast"},{"@type":"BreadcrumbList","@id":"https:\/\/www.odpod.se\/index.php\/2012\/04\/podcast-70-skolan-i-popkulture\/#breadcrumblist","itemListElement":[{"@type":"ListItem","@id":"https:\/\/www.odpod.se#listItem","position":1,"name":"Home","item":"https:\/\/www.odpod.se","nextItem":{"@type":"ListItem","@id":"https:\/\/www.odpod.se\/index.php\/category\/nya-odpod\/#listItem","name":"Podcast"}},{"@type":"ListItem","@id":"https:\/\/www.odpod.se\/index.php\/category\/nya-odpod\/#listItem","position":2,"name":"Podcast","item":"https:\/\/www.odpod.se\/index.php\/category\/nya-odpod\/","nextItem":{"@type":"ListItem","@id":"https:\/\/www.odpod.se\/index.php\/2012\/04\/podcast-70-skolan-i-popkulture\/#listItem","name":"Podcast #70: &#8221;Ett visst m\u00e5tt av kaos m\u00e5ste r\u00e4knas med i katastrofmodeller&#8221;"},"previousItem":{"@type":"ListItem","@id":"https:\/\/www.odpod.se#listItem","name":"Home"}},{"@type":"ListItem","@id":"https:\/\/www.odpod.se\/index.php\/2012\/04\/podcast-70-skolan-i-popkulture\/#listItem","position":3,"name":"Podcast #70: &#8221;Ett visst m\u00e5tt av kaos m\u00e5ste r\u00e4knas med i katastrofmodeller&#8221;","previousItem":{"@type":"ListItem","@id":"https:\/\/www.odpod.se\/index.php\/category\/nya-odpod\/#listItem","name":"Podcast"}}]},{"@type":"Organization","@id":"https:\/\/www.odpod.se\/#organization","name":"Obiter Dictum podcast","url":"https:\/\/www.odpod.se\/"},{"@type":"Person","@id":"https:\/\/www.odpod.se\/index.php\/author\/obiterdictum\/#author","url":"https:\/\/www.odpod.se\/index.php\/author\/obiterdictum\/","name":"Obiter dictum","image":{"@type":"ImageObject","@id":"https:\/\/www.odpod.se\/index.php\/2012\/04\/podcast-70-skolan-i-popkulture\/#authorImage","url":"https:\/\/secure.gravatar.com\/avatar\/2ee3be7bd5d90bcc59df27f519b5c734f4f60774ffd6b3acc429c659b4b2286c?s=96&d=mm&r=g","width":96,"height":96,"caption":"Obiter dictum"}},{"@type":"WebPage","@id":"https:\/\/www.odpod.se\/index.php\/2012\/04\/podcast-70-skolan-i-popkulture\/#webpage","url":"https:\/\/www.odpod.se\/index.php\/2012\/04\/podcast-70-skolan-i-popkulture\/","name":"Skolan i popkulturen, katastrofmodeller, Touch | Obiter Dictum podcast","description":"Skolan har en alldeles speciell plats i popul\u00e4rkulturen. Som centrum f\u00f6r en betydande del av den v\u00e4sterl\u00e4ndska ungdomskulturen \u00e4r den en p\u00e5 m\u00e5nga s\u00e4tt oumb\u00e4rlig del av s\u00e5v\u00e4l verklighetnen som fiktionen.","inLanguage":"sv-SE","isPartOf":{"@id":"https:\/\/www.odpod.se\/#website"},"breadcrumb":{"@id":"https:\/\/www.odpod.se\/index.php\/2012\/04\/podcast-70-skolan-i-popkulture\/#breadcrumblist"},"author":{"@id":"https:\/\/www.odpod.se\/index.php\/author\/obiterdictum\/#author"},"creator":{"@id":"https:\/\/www.odpod.se\/index.php\/author\/obiterdictum\/#author"},"datePublished":"2012-04-13T01:58:03+02:00","dateModified":"2013-09-17T23:56:38+02:00"},{"@type":"WebSite","@id":"https:\/\/www.odpod.se\/#website","url":"https:\/\/www.odpod.se\/","name":"Obiter Dictum podcast","inLanguage":"sv-SE","publisher":{"@id":"https:\/\/www.odpod.se\/#organization"}}]},"og:locale":"sv_SE","og:site_name":"Obiter Dictum podcast","og:type":"article","og:title":"Skolan i popkulturen, katastrofmodeller, Touch | Obiter Dictum podcast","og:description":"Skolan har en alldeles speciell plats i popul\u00e4rkulturen. Som centrum f\u00f6r en betydande del av den v\u00e4sterl\u00e4ndska ungdomskulturen \u00e4r den en p\u00e5 m\u00e5nga s\u00e4tt oumb\u00e4rlig del av s\u00e5v\u00e4l verklighetnen som fiktionen.","og:url":"https:\/\/www.odpod.se\/index.php\/2012\/04\/podcast-70-skolan-i-popkulture\/","article:published_time":"2012-04-13T00:58:03+00:00","article:modified_time":"2013-09-17T19:56:38+00:00","twitter:card":"summary_large_image","twitter:site":"@odpodcast","twitter:title":"Skolan i popkulturen, katastrofmodeller, Touch | Obiter Dictum podcast","twitter:description":"Skolan har en alldeles speciell plats i popul\u00e4rkulturen. Som centrum f\u00f6r en betydande del av den v\u00e4sterl\u00e4ndska ungdomskulturen \u00e4r den en p\u00e5 m\u00e5nga s\u00e4tt oumb\u00e4rlig del av s\u00e5v\u00e4l verklighetnen som fiktionen."},"aioseo_meta_data":{"post_id":"1146","title":"Skolan i popkulturen, katastrofmodeller, Touch | #site_title","description":"Skolan har en alldeles speciell plats i popul\u00e4rkulturen. Som centrum f\u00f6r en betydande del av den v\u00e4sterl\u00e4ndska ungdomskulturen \u00e4r den en p\u00e5 m\u00e5nga s\u00e4tt oumb\u00e4rlig del av s\u00e5v\u00e4l verklighetnen som fiktionen.","keywords":null,"keyphrases":null,"primary_term":null,"canonical_url":null,"og_title":null,"og_description":null,"og_object_type":"default","og_image_type":"default","og_image_url":null,"og_image_width":null,"og_image_height":null,"og_image_custom_url":null,"og_image_custom_fields":null,"og_video":null,"og_custom_url":null,"og_article_section":null,"og_article_tags":null,"twitter_use_og":false,"twitter_card":"default","twitter_image_type":"default","twitter_image_url":null,"twitter_image_custom_url":null,"twitter_image_custom_fields":null,"twitter_title":null,"twitter_description":null,"schema":{"blockGraphs":[],"customGraphs":[],"default":{"data":{"Article":[],"Course":[],"Dataset":[],"FAQPage":[],"Movie":[],"Person":[],"Product":[],"ProductReview":[],"Car":[],"Recipe":[],"Service":[],"SoftwareApplication":[],"WebPage":[]},"graphName":"Article","isEnabled":true},"graphs":[]},"schema_type":null,"schema_type_options":null,"pillar_content":false,"robots_default":true,"robots_noindex":false,"robots_noarchive":false,"robots_nosnippet":false,"robots_nofollow":false,"robots_noimageindex":false,"robots_noodp":false,"robots_notranslate":false,"robots_max_snippet":null,"robots_max_videopreview":null,"robots_max_imagepreview":"large","priority":null,"frequency":null,"location":null,"local_seo":null,"breadcrumb_settings":null,"limit_modified_date":false,"created":"2021-04-01 21:25:28","updated":"2023-03-22 21:32:03","ai":null,"seo_analyzer_scan_date":null,"focus_keyword":null,"additional_keywords":null,"truseo_locale":null},"aioseo_breadcrumb":"<div class=\"aioseo-breadcrumbs\"><span class=\"aioseo-breadcrumb\">\n\t\t\t<a href=\"https:\/\/www.odpod.se\" title=\"Home\">Home<\/a>\n\t\t<\/span><span class=\"aioseo-breadcrumb-separator\">&raquo;<\/span><span class=\"aioseo-breadcrumb\">\n\t\t\t<a href=\"https:\/\/www.odpod.se\/index.php\/category\/nya-odpod\/\" title=\"Podcast\">Podcast<\/a>\n\t\t<\/span><span class=\"aioseo-breadcrumb-separator\">&raquo;<\/span><span class=\"aioseo-breadcrumb\">\n\t\t\tPodcast #70: \u201dEtt visst m\u00e5tt av kaos m\u00e5ste r\u00e4knas med i katastrofmodeller\u201d\n\t\t<\/span><\/div>","aioseo_breadcrumb_json":[{"label":"Home","link":"https:\/\/www.odpod.se"},{"label":"Podcast","link":"https:\/\/www.odpod.se\/index.php\/category\/nya-odpod\/"},{"label":"Podcast #70: &#8221;Ett visst m\u00e5tt av kaos m\u00e5ste r\u00e4knas med i katastrofmodeller&#8221;","link":"https:\/\/www.odpod.se\/index.php\/2012\/04\/podcast-70-skolan-i-popkulture\/"}],"_links":{"self":[{"href":"https:\/\/www.odpod.se\/index.php\/wp-json\/wp\/v2\/posts\/1146","targetHints":{"allow":["GET"]}}],"collection":[{"href":"https:\/\/www.odpod.se\/index.php\/wp-json\/wp\/v2\/posts"}],"about":[{"href":"https:\/\/www.odpod.se\/index.php\/wp-json\/wp\/v2\/types\/post"}],"author":[{"embeddable":true,"href":"https:\/\/www.odpod.se\/index.php\/wp-json\/wp\/v2\/users\/6"}],"replies":[{"embeddable":true,"href":"https:\/\/www.odpod.se\/index.php\/wp-json\/wp\/v2\/comments?post=1146"}],"version-history":[{"count":16,"href":"https:\/\/www.odpod.se\/index.php\/wp-json\/wp\/v2\/posts\/1146\/revisions"}],"predecessor-version":[{"id":1977,"href":"https:\/\/www.odpod.se\/index.php\/wp-json\/wp\/v2\/posts\/1146\/revisions\/1977"}],"wp:attachment":[{"href":"https:\/\/www.odpod.se\/index.php\/wp-json\/wp\/v2\/media?parent=1146"}],"wp:term":[{"taxonomy":"category","embeddable":true,"href":"https:\/\/www.odpod.se\/index.php\/wp-json\/wp\/v2\/categories?post=1146"},{"taxonomy":"post_tag","embeddable":true,"href":"https:\/\/www.odpod.se\/index.php\/wp-json\/wp\/v2\/tags?post=1146"}],"curies":[{"name":"wp","href":"https:\/\/api.w.org\/{rel}","templated":true}]}}