{"id":1047,"date":"2012-03-02T02:50:01","date_gmt":"2012-03-02T01:50:01","guid":{"rendered":"http:\/\/www.odpod.se\/?p=1047"},"modified":"2013-09-18T00:27:17","modified_gmt":"2013-09-17T20:27:17","slug":"podcast-64-allt-stammar-fran-en-unken-rockmyt","status":"publish","type":"post","link":"https:\/\/www.odpod.se\/index.php\/2012\/03\/podcast-64-allt-stammar-fran-en-unken-rockmyt\/","title":{"rendered":"Podcast #64: &#8221;Allt stammar fr\u00e5n en unken rockmyt&#8221;"},"content":{"rendered":"<p><img loading=\"lazy\" decoding=\"async\" src=\"http:\/\/www.odpod.se\/wp-content\/uploads\/2012\/03\/64lanadelrey.jpg\" alt=\"Lana del Rey\" width=\"670\" height=\"223\" class=\"alignnone size-full wp-image-2000\" srcset=\"https:\/\/www.odpod.se\/wp-content\/uploads\/2012\/03\/64lanadelrey.jpg 670w, https:\/\/www.odpod.se\/wp-content\/uploads\/2012\/03\/64lanadelrey-150x49.jpg 150w\" sizes=\"auto, (max-width: 670px) 100vw, 670px\" \/><br \/>\n<b><u>2012-03-02:<\/b><\/u> N\u00e4r Lana Del Rey studsade upp p\u00e5 popmusikscenen v\u00e4cktes snabbt en i m\u00e5nga avseenden m\u00e4rklig debatt om autenticitet. Hur kommer det sig att indiev\u00e4rlden vurmar s\u00e5 f\u00f6r \u00e4ktheten? \u00c4r det en giltig faktor att bed\u00f6ma musik efter 2012? Obiter Dictum r\u00f6r runt i grytan av gamla ideal. Dessutom: \u00c4r det dags att d\u00f6df\u00f6rklara referenskulturen? Referenstyngda serier som Big Bang Theory bygger p\u00e5 att en bred publik kan f\u00f6rst\u00e5 och associera till sk\u00e4mten, men hur g\u00e5r det i en tid d\u00e4r kulturkonsumtion \u00e4r fragmentarisk och ingen tar till sig samma saker? Medverkar i avsnittet g\u00f6r <strong>Tobias Norstr\u00f6m<\/strong> och <strong>Billy Rimgard<\/strong>. <\/p>\n<p><a href=\"http:\/\/odpod.no-ip.org\/Obiter_Dictum-2012-03-02-Avsnitt_64.mp3\">Ladda ner som mp3<\/a><br \/><a href=\"http:\/\/phobos.apple.com\/WebObjects\/MZStore.woa\/wa\/viewPodcast?id=362341950\">Prenumerera i iTunes<\/a><br \/>\n<a href=\"http:\/\/odpod.no-ip.org\/odpod.xml\" target=\"_blank\">Prenumerera i annat program (rss)<\/a><\/p>\n<p>Lyssna direkt:<br \/>\n<audio class=\"wp-audio-shortcode\" id=\"audio-1047-1\" preload=\"none\" style=\"width: 100%;\" controls=\"controls\"><source type=\"audio\/mpeg\" src=\"http:\/\/odpod.no-ip.org\/Obiter_Dictum-2012-03-02-Avsnitt_64.mp3?_=1\" \/><a href=\"http:\/\/odpod.no-ip.org\/Obiter_Dictum-2012-03-02-Avsnitt_64.mp3\">http:\/\/odpod.no-ip.org\/Obiter_Dictum-2012-03-02-Avsnitt_64.mp3<\/a><\/audio><\/p>\n<p><!--more--><\/p>\n<p><a href=\"http:\/\/www.facebook.com\/odpod\/\" target=\"_blank\">F\u00f6lj oss p\u00e5 Facebook<\/a>. <\/p>\n<p><b><u>AVSNITTETS L\u00c4NKAR:<\/b><\/u><\/p>\n<p>N\u00e4sta del i #VanDammeCirkeln \u00e4r <a href=\"http:\/\/www.youtube.com\/watch?v=IlJtUu5QcAM\" target=\"_blank\">\u00bbCyborg\u00ab<\/a>.<\/p>\n<p>Karatjaj-sj\u00f6n \u00e4r en synnerligen <a href=\"http:\/\/www.monotoni.se\/bass\/2009\/12\/mandagslistan-topp-4-hemska-platser-att-besoka\/\" target=\"_blank\">hemsk plats<\/a>. <a href=\"http:\/\/www.youtube.com\/watch?v=tY9DnBNJFTI\" target=\"_blank\">Nya \u00bbAvengers\u00ab-trailern<\/a> lovar gott. Billy har k\u00f6rt fast i <a href=\"http:\/\/www.youtube.com\/watch?v=ginQNMiRu2w\" target=\"_blank\">\u00bbInception\u00ab-f\u00f6rel\u00e4sningar<\/a>. <\/p>\n<p>DEL 1: <a href=\"http:\/\/www.youtube.com\/watch?v=cE6wxDqdOV0&#038;ob=av2e\" target=\"_blank\"><b>Lana Del Rey<\/b><\/a>s \u00e4kthet ifr\u00e5gas\u00e4tts. Tobias slaktar <a href=\"http:\/\/nojesguiden.se\/blogg\/tobias-norstrom\/lana-och-den-ruttna-indievarlden\" target=\"_blank\">den ruttna indiev\u00e4rldens ideal<\/a>. Det g\u00e5r att l\u00e4sa hela Billys <a href=\"http:\/\/www.monotoni.se\/bass\/2006\/03\/violence-religion-justice-death-pet-shop-boys-intervjun-gar-igen\/\" target=\"_blank\">intervju med <b>Pet Shop Boys<\/b><\/a>.<\/p>\n<p>DEL 2: Att <b>Lol Tolhurst<\/b> hade med sig <a href=\"http:\/\/www.youtube.com\/watch?v=7nqAHOikKCU\" target=\"_blank\">sjungande p\u00e4ron<\/a> i Nilecity var sjukt smal referenshumor. Barn gillar <a href=\"http:\/\/www.youtube.com\/watch?v=MtN1YnoL46Q\" target=\"_blank\">\u00bbThe Duck Song\u00ab<\/a>.<\/p>\n<p>POST SCRIPTUM: Tobias tipsar om fj\u00e4rde och sista delen av dokument\u00e4ren <a href=\"http:\/\/www.everythingisaremix.info\/everything-is-a-remix-part-4\/\" target=\"_blank\">\u00bbEverything is a Remix\u00ab<\/a>. Billy tipsar om \u00bbDoomed Expeditions\u00ab <a href=\"http:\/\/www.causticsodapodcast.com\/2011\/11\/28\/doomed-expeditions-part-1\/\" target=\"_blank\">del 1<\/a> och <a href=\"http:\/\/www.causticsodapodcast.com\/2011\/12\/04\/doomed-expeditions-part-2\/\" target=\"_blank\">del 2<\/a> av podcasten \u00bbCaustic Soda\u00ab (via ett tips fr\u00e5n <b>John<\/b>). Bonustipset \u00e4r n\u00e4r underbara <a href=\"http:\/\/www.thedailyshow.com\/watch\/tue-january-30-2007\/neil-degrasse-tyson-pt--1\" target=\"_blank\"><b>Neil Degrasse Tyson<\/b> g\u00e4star \u00bbDaily Show\u00ab<\/a>.<\/p>\n","protected":false},"excerpt":{"rendered":"<p>2012-03-02: N\u00e4r Lana Del Rey studsade upp p\u00e5 popmusikscenen v\u00e4cktes snabbt en i m\u00e5nga avseenden m\u00e4rklig debatt om autenticitet. Hur kommer det sig att indiev\u00e4rlden vurmar s\u00e5 f\u00f6r \u00e4ktheten? \u00c4r det en giltig faktor att bed\u00f6ma musik efter 2012? Obiter Dictum r\u00f6r runt i grytan av gamla ideal. Dessutom: \u00c4r det dags att d\u00f6df\u00f6rklara referenskulturen? [&hellip;]<\/p>\n","protected":false},"author":6,"featured_media":0,"comment_status":"open","ping_status":"open","sticky":false,"template":"","format":"standard","meta":{"_genesis_hide_title":false,"_genesis_hide_breadcrumbs":false,"_genesis_hide_singular_image":false,"_genesis_hide_footer_widgets":false,"_genesis_custom_body_class":"","_genesis_custom_post_class":"","_genesis_layout":"","footnotes":""},"categories":[10],"tags":[],"class_list":["post-1047","post","type-post","status-publish","format-standard","category-nya-odpod","entry"],"aioseo_notices":[],"aioseo_head":"\n\t\t<!-- All in One SEO 5.0.1.1 - aioseo.com -->\n\t<meta name=\"description\" content=\"\u00c4r ifr\u00e5gas\u00e4ttandet av Lana Del Rey bara ett symptom p\u00e5 indiev\u00e4rldens unkna ideal? Och \u00e4r det dags att f\u00f6rklara referenskulturen d\u00f6d?\" \/>\n\t<meta name=\"robots\" content=\"max-image-preview:large\" \/>\n\t<meta name=\"author\" content=\"Obiter dictum\"\/>\n\t<link rel=\"canonical\" href=\"https:\/\/www.odpod.se\/index.php\/2012\/03\/podcast-64-allt-stammar-fran-en-unken-rockmyt\/\" \/>\n\t<meta name=\"generator\" content=\"All in One SEO (AIOSEO) 5.0.1.1\" \/>\n\t\t<meta property=\"og:locale\" content=\"sv_SE\" \/>\n\t\t<meta property=\"og:site_name\" content=\"Obiter Dictum podcast\" \/>\n\t\t<meta property=\"og:type\" content=\"article\" \/>\n\t\t<meta property=\"og:title\" content=\"Lana Del Reys \u00e4kthet, referenskulturens d\u00f6d | Obiter Dictum podcast\" \/>\n\t\t<meta property=\"og:description\" content=\"\u00c4r ifr\u00e5gas\u00e4ttandet av Lana Del Rey bara ett symptom p\u00e5 indiev\u00e4rldens unkna ideal? Och \u00e4r det dags att f\u00f6rklara referenskulturen d\u00f6d?\" \/>\n\t\t<meta property=\"og:url\" content=\"https:\/\/www.odpod.se\/index.php\/2012\/03\/podcast-64-allt-stammar-fran-en-unken-rockmyt\/\" \/>\n\t\t<meta property=\"article:published_time\" content=\"2012-03-02T01:50:01+00:00\" \/>\n\t\t<meta property=\"article:modified_time\" content=\"2013-09-17T20:27:17+00:00\" \/>\n\t\t<meta name=\"twitter:card\" content=\"summary_large_image\" \/>\n\t\t<meta name=\"twitter:site\" content=\"@odpodcast\" \/>\n\t\t<meta name=\"twitter:title\" content=\"Lana Del Reys \u00e4kthet, referenskulturens d\u00f6d | Obiter Dictum podcast\" \/>\n\t\t<meta name=\"twitter:description\" content=\"\u00c4r ifr\u00e5gas\u00e4ttandet av Lana Del Rey bara ett symptom p\u00e5 indiev\u00e4rldens unkna ideal? Och \u00e4r det dags att f\u00f6rklara referenskulturen d\u00f6d?\" \/>\n\t\t<script type=\"application\/ld+json\" class=\"aioseo-schema\">\n\t\t\t{\"@context\":\"https:\\\/\\\/schema.org\",\"@graph\":[{\"@type\":\"Article\",\"@id\":\"https:\\\/\\\/www.odpod.se\\\/index.php\\\/2012\\\/03\\\/podcast-64-allt-stammar-fran-en-unken-rockmyt\\\/#article\",\"name\":\"Lana Del Reys \\u00e4kthet, referenskulturens d\\u00f6d | Obiter Dictum podcast\",\"headline\":\"Podcast #64: &#8221;Allt stammar fr\\u00e5n en unken rockmyt&#8221;\",\"author\":{\"@id\":\"https:\\\/\\\/www.odpod.se\\\/index.php\\\/author\\\/obiterdictum\\\/#author\"},\"publisher\":{\"@id\":\"https:\\\/\\\/www.odpod.se\\\/#organization\"},\"image\":{\"@type\":\"ImageObject\",\"url\":\"https:\\\/\\\/www.odpod.se\\\/wp-content\\\/uploads\\\/2012\\\/03\\\/64lanadelrey.jpg\",\"@id\":\"https:\\\/\\\/www.odpod.se\\\/index.php\\\/2012\\\/03\\\/podcast-64-allt-stammar-fran-en-unken-rockmyt\\\/#articleImage\",\"width\":670,\"height\":223,\"caption\":\"Lana del Rey\"},\"datePublished\":\"2012-03-02T02:50:01+01:00\",\"dateModified\":\"2013-09-18T00:27:17+02:00\",\"inLanguage\":\"sv-SE\",\"commentCount\":12,\"mainEntityOfPage\":{\"@id\":\"https:\\\/\\\/www.odpod.se\\\/index.php\\\/2012\\\/03\\\/podcast-64-allt-stammar-fran-en-unken-rockmyt\\\/#webpage\"},\"isPartOf\":{\"@id\":\"https:\\\/\\\/www.odpod.se\\\/index.php\\\/2012\\\/03\\\/podcast-64-allt-stammar-fran-en-unken-rockmyt\\\/#webpage\"},\"articleSection\":\"Podcast\"},{\"@type\":\"BreadcrumbList\",\"@id\":\"https:\\\/\\\/www.odpod.se\\\/index.php\\\/2012\\\/03\\\/podcast-64-allt-stammar-fran-en-unken-rockmyt\\\/#breadcrumblist\",\"itemListElement\":[{\"@type\":\"ListItem\",\"@id\":\"https:\\\/\\\/www.odpod.se#listItem\",\"position\":1,\"name\":\"Home\",\"item\":\"https:\\\/\\\/www.odpod.se\",\"nextItem\":{\"@type\":\"ListItem\",\"@id\":\"https:\\\/\\\/www.odpod.se\\\/index.php\\\/category\\\/nya-odpod\\\/#listItem\",\"name\":\"Podcast\"}},{\"@type\":\"ListItem\",\"@id\":\"https:\\\/\\\/www.odpod.se\\\/index.php\\\/category\\\/nya-odpod\\\/#listItem\",\"position\":2,\"name\":\"Podcast\",\"item\":\"https:\\\/\\\/www.odpod.se\\\/index.php\\\/category\\\/nya-odpod\\\/\",\"nextItem\":{\"@type\":\"ListItem\",\"@id\":\"https:\\\/\\\/www.odpod.se\\\/index.php\\\/2012\\\/03\\\/podcast-64-allt-stammar-fran-en-unken-rockmyt\\\/#listItem\",\"name\":\"Podcast #64: &#8221;Allt stammar fr\\u00e5n en unken rockmyt&#8221;\"},\"previousItem\":{\"@type\":\"ListItem\",\"@id\":\"https:\\\/\\\/www.odpod.se#listItem\",\"name\":\"Home\"}},{\"@type\":\"ListItem\",\"@id\":\"https:\\\/\\\/www.odpod.se\\\/index.php\\\/2012\\\/03\\\/podcast-64-allt-stammar-fran-en-unken-rockmyt\\\/#listItem\",\"position\":3,\"name\":\"Podcast #64: &#8221;Allt stammar fr\\u00e5n en unken rockmyt&#8221;\",\"previousItem\":{\"@type\":\"ListItem\",\"@id\":\"https:\\\/\\\/www.odpod.se\\\/index.php\\\/category\\\/nya-odpod\\\/#listItem\",\"name\":\"Podcast\"}}]},{\"@type\":\"Organization\",\"@id\":\"https:\\\/\\\/www.odpod.se\\\/#organization\",\"name\":\"Obiter Dictum podcast\",\"url\":\"https:\\\/\\\/www.odpod.se\\\/\"},{\"@type\":\"Person\",\"@id\":\"https:\\\/\\\/www.odpod.se\\\/index.php\\\/author\\\/obiterdictum\\\/#author\",\"url\":\"https:\\\/\\\/www.odpod.se\\\/index.php\\\/author\\\/obiterdictum\\\/\",\"name\":\"Obiter dictum\",\"image\":{\"@type\":\"ImageObject\",\"@id\":\"https:\\\/\\\/www.odpod.se\\\/index.php\\\/2012\\\/03\\\/podcast-64-allt-stammar-fran-en-unken-rockmyt\\\/#authorImage\",\"url\":\"https:\\\/\\\/secure.gravatar.com\\\/avatar\\\/2ee3be7bd5d90bcc59df27f519b5c734f4f60774ffd6b3acc429c659b4b2286c?s=96&d=mm&r=g\",\"width\":96,\"height\":96,\"caption\":\"Obiter dictum\"}},{\"@type\":\"WebPage\",\"@id\":\"https:\\\/\\\/www.odpod.se\\\/index.php\\\/2012\\\/03\\\/podcast-64-allt-stammar-fran-en-unken-rockmyt\\\/#webpage\",\"url\":\"https:\\\/\\\/www.odpod.se\\\/index.php\\\/2012\\\/03\\\/podcast-64-allt-stammar-fran-en-unken-rockmyt\\\/\",\"name\":\"Lana Del Reys \\u00e4kthet, referenskulturens d\\u00f6d | Obiter Dictum podcast\",\"description\":\"\\u00c4r ifr\\u00e5gas\\u00e4ttandet av Lana Del Rey bara ett symptom p\\u00e5 indiev\\u00e4rldens unkna ideal? Och \\u00e4r det dags att f\\u00f6rklara referenskulturen d\\u00f6d?\",\"inLanguage\":\"sv-SE\",\"isPartOf\":{\"@id\":\"https:\\\/\\\/www.odpod.se\\\/#website\"},\"breadcrumb\":{\"@id\":\"https:\\\/\\\/www.odpod.se\\\/index.php\\\/2012\\\/03\\\/podcast-64-allt-stammar-fran-en-unken-rockmyt\\\/#breadcrumblist\"},\"author\":{\"@id\":\"https:\\\/\\\/www.odpod.se\\\/index.php\\\/author\\\/obiterdictum\\\/#author\"},\"creator\":{\"@id\":\"https:\\\/\\\/www.odpod.se\\\/index.php\\\/author\\\/obiterdictum\\\/#author\"},\"datePublished\":\"2012-03-02T02:50:01+01:00\",\"dateModified\":\"2013-09-18T00:27:17+02:00\"},{\"@type\":\"WebSite\",\"@id\":\"https:\\\/\\\/www.odpod.se\\\/#website\",\"url\":\"https:\\\/\\\/www.odpod.se\\\/\",\"name\":\"Obiter Dictum podcast\",\"inLanguage\":\"sv-SE\",\"publisher\":{\"@id\":\"https:\\\/\\\/www.odpod.se\\\/#organization\"}}]}\n\t\t<\/script>\n\t\t<!-- All in One SEO -->\n\n","aioseo_head_json":{"title":"Lana Del Reys \u00e4kthet, referenskulturens d\u00f6d | Obiter Dictum podcast","description":"\u00c4r ifr\u00e5gas\u00e4ttandet av Lana Del Rey bara ett symptom p\u00e5 indiev\u00e4rldens unkna ideal? Och \u00e4r det dags att f\u00f6rklara referenskulturen d\u00f6d?","canonical_url":"https:\/\/www.odpod.se\/index.php\/2012\/03\/podcast-64-allt-stammar-fran-en-unken-rockmyt\/","robots":"max-image-preview:large","keywords":"","webmasterTools":{"miscellaneous":""},"schema":{"@context":"https:\/\/schema.org","@graph":[{"@type":"Article","@id":"https:\/\/www.odpod.se\/index.php\/2012\/03\/podcast-64-allt-stammar-fran-en-unken-rockmyt\/#article","name":"Lana Del Reys \u00e4kthet, referenskulturens d\u00f6d | Obiter Dictum podcast","headline":"Podcast #64: &#8221;Allt stammar fr\u00e5n en unken rockmyt&#8221;","author":{"@id":"https:\/\/www.odpod.se\/index.php\/author\/obiterdictum\/#author"},"publisher":{"@id":"https:\/\/www.odpod.se\/#organization"},"image":{"@type":"ImageObject","url":"https:\/\/www.odpod.se\/wp-content\/uploads\/2012\/03\/64lanadelrey.jpg","@id":"https:\/\/www.odpod.se\/index.php\/2012\/03\/podcast-64-allt-stammar-fran-en-unken-rockmyt\/#articleImage","width":670,"height":223,"caption":"Lana del Rey"},"datePublished":"2012-03-02T02:50:01+01:00","dateModified":"2013-09-18T00:27:17+02:00","inLanguage":"sv-SE","commentCount":12,"mainEntityOfPage":{"@id":"https:\/\/www.odpod.se\/index.php\/2012\/03\/podcast-64-allt-stammar-fran-en-unken-rockmyt\/#webpage"},"isPartOf":{"@id":"https:\/\/www.odpod.se\/index.php\/2012\/03\/podcast-64-allt-stammar-fran-en-unken-rockmyt\/#webpage"},"articleSection":"Podcast"},{"@type":"BreadcrumbList","@id":"https:\/\/www.odpod.se\/index.php\/2012\/03\/podcast-64-allt-stammar-fran-en-unken-rockmyt\/#breadcrumblist","itemListElement":[{"@type":"ListItem","@id":"https:\/\/www.odpod.se#listItem","position":1,"name":"Home","item":"https:\/\/www.odpod.se","nextItem":{"@type":"ListItem","@id":"https:\/\/www.odpod.se\/index.php\/category\/nya-odpod\/#listItem","name":"Podcast"}},{"@type":"ListItem","@id":"https:\/\/www.odpod.se\/index.php\/category\/nya-odpod\/#listItem","position":2,"name":"Podcast","item":"https:\/\/www.odpod.se\/index.php\/category\/nya-odpod\/","nextItem":{"@type":"ListItem","@id":"https:\/\/www.odpod.se\/index.php\/2012\/03\/podcast-64-allt-stammar-fran-en-unken-rockmyt\/#listItem","name":"Podcast #64: &#8221;Allt stammar fr\u00e5n en unken rockmyt&#8221;"},"previousItem":{"@type":"ListItem","@id":"https:\/\/www.odpod.se#listItem","name":"Home"}},{"@type":"ListItem","@id":"https:\/\/www.odpod.se\/index.php\/2012\/03\/podcast-64-allt-stammar-fran-en-unken-rockmyt\/#listItem","position":3,"name":"Podcast #64: &#8221;Allt stammar fr\u00e5n en unken rockmyt&#8221;","previousItem":{"@type":"ListItem","@id":"https:\/\/www.odpod.se\/index.php\/category\/nya-odpod\/#listItem","name":"Podcast"}}]},{"@type":"Organization","@id":"https:\/\/www.odpod.se\/#organization","name":"Obiter Dictum podcast","url":"https:\/\/www.odpod.se\/"},{"@type":"Person","@id":"https:\/\/www.odpod.se\/index.php\/author\/obiterdictum\/#author","url":"https:\/\/www.odpod.se\/index.php\/author\/obiterdictum\/","name":"Obiter dictum","image":{"@type":"ImageObject","@id":"https:\/\/www.odpod.se\/index.php\/2012\/03\/podcast-64-allt-stammar-fran-en-unken-rockmyt\/#authorImage","url":"https:\/\/secure.gravatar.com\/avatar\/2ee3be7bd5d90bcc59df27f519b5c734f4f60774ffd6b3acc429c659b4b2286c?s=96&d=mm&r=g","width":96,"height":96,"caption":"Obiter dictum"}},{"@type":"WebPage","@id":"https:\/\/www.odpod.se\/index.php\/2012\/03\/podcast-64-allt-stammar-fran-en-unken-rockmyt\/#webpage","url":"https:\/\/www.odpod.se\/index.php\/2012\/03\/podcast-64-allt-stammar-fran-en-unken-rockmyt\/","name":"Lana Del Reys \u00e4kthet, referenskulturens d\u00f6d | Obiter Dictum podcast","description":"\u00c4r ifr\u00e5gas\u00e4ttandet av Lana Del Rey bara ett symptom p\u00e5 indiev\u00e4rldens unkna ideal? Och \u00e4r det dags att f\u00f6rklara referenskulturen d\u00f6d?","inLanguage":"sv-SE","isPartOf":{"@id":"https:\/\/www.odpod.se\/#website"},"breadcrumb":{"@id":"https:\/\/www.odpod.se\/index.php\/2012\/03\/podcast-64-allt-stammar-fran-en-unken-rockmyt\/#breadcrumblist"},"author":{"@id":"https:\/\/www.odpod.se\/index.php\/author\/obiterdictum\/#author"},"creator":{"@id":"https:\/\/www.odpod.se\/index.php\/author\/obiterdictum\/#author"},"datePublished":"2012-03-02T02:50:01+01:00","dateModified":"2013-09-18T00:27:17+02:00"},{"@type":"WebSite","@id":"https:\/\/www.odpod.se\/#website","url":"https:\/\/www.odpod.se\/","name":"Obiter Dictum podcast","inLanguage":"sv-SE","publisher":{"@id":"https:\/\/www.odpod.se\/#organization"}}]},"og:locale":"sv_SE","og:site_name":"Obiter Dictum podcast","og:type":"article","og:title":"Lana Del Reys \u00e4kthet, referenskulturens d\u00f6d | Obiter Dictum podcast","og:description":"\u00c4r ifr\u00e5gas\u00e4ttandet av Lana Del Rey bara ett symptom p\u00e5 indiev\u00e4rldens unkna ideal? Och \u00e4r det dags att f\u00f6rklara referenskulturen d\u00f6d?","og:url":"https:\/\/www.odpod.se\/index.php\/2012\/03\/podcast-64-allt-stammar-fran-en-unken-rockmyt\/","article:published_time":"2012-03-02T01:50:01+00:00","article:modified_time":"2013-09-17T20:27:17+00:00","twitter:card":"summary_large_image","twitter:site":"@odpodcast","twitter:title":"Lana Del Reys \u00e4kthet, referenskulturens d\u00f6d | Obiter Dictum podcast","twitter:description":"\u00c4r ifr\u00e5gas\u00e4ttandet av Lana Del Rey bara ett symptom p\u00e5 indiev\u00e4rldens unkna ideal? Och \u00e4r det dags att f\u00f6rklara referenskulturen d\u00f6d?"},"aioseo_meta_data":{"post_id":"1047","title":"Lana Del Reys \u00e4kthet, referenskulturens d\u00f6d | #site_title","description":"\u00c4r ifr\u00e5gas\u00e4ttandet av Lana Del Rey bara ett symptom p\u00e5 indiev\u00e4rldens unkna ideal? Och \u00e4r det dags att f\u00f6rklara referenskulturen d\u00f6d?","keywords":null,"keyphrases":null,"primary_term":null,"canonical_url":null,"og_title":null,"og_description":null,"og_object_type":"default","og_image_type":"default","og_image_url":null,"og_image_width":null,"og_image_height":null,"og_image_custom_url":null,"og_image_custom_fields":null,"og_video":null,"og_custom_url":null,"og_article_section":null,"og_article_tags":null,"twitter_use_og":false,"twitter_card":"default","twitter_image_type":"default","twitter_image_url":null,"twitter_image_custom_url":null,"twitter_image_custom_fields":null,"twitter_title":null,"twitter_description":null,"schema":{"blockGraphs":[],"customGraphs":[],"default":{"data":{"Article":[],"Course":[],"Dataset":[],"FAQPage":[],"Movie":[],"Person":[],"Product":[],"ProductReview":[],"Car":[],"Recipe":[],"Service":[],"SoftwareApplication":[],"WebPage":[]},"graphName":"Article","isEnabled":true},"graphs":[]},"schema_type":null,"schema_type_options":null,"pillar_content":false,"robots_default":true,"robots_noindex":false,"robots_noarchive":false,"robots_nosnippet":false,"robots_nofollow":false,"robots_noimageindex":false,"robots_noodp":false,"robots_notranslate":false,"robots_max_snippet":null,"robots_max_videopreview":null,"robots_max_imagepreview":"large","priority":null,"frequency":null,"location":null,"local_seo":null,"breadcrumb_settings":null,"limit_modified_date":false,"created":"2021-04-01 21:25:28","updated":"2023-03-22 21:32:04","ai":null,"seo_analyzer_scan_date":null,"focus_keyword":null,"additional_keywords":null,"truseo_locale":null},"aioseo_breadcrumb":"<div class=\"aioseo-breadcrumbs\"><span class=\"aioseo-breadcrumb\">\n\t\t\t<a href=\"https:\/\/www.odpod.se\" title=\"Home\">Home<\/a>\n\t\t<\/span><span class=\"aioseo-breadcrumb-separator\">&raquo;<\/span><span class=\"aioseo-breadcrumb\">\n\t\t\t<a href=\"https:\/\/www.odpod.se\/index.php\/category\/nya-odpod\/\" title=\"Podcast\">Podcast<\/a>\n\t\t<\/span><span class=\"aioseo-breadcrumb-separator\">&raquo;<\/span><span class=\"aioseo-breadcrumb\">\n\t\t\tPodcast #64: \u201dAllt stammar fr\u00e5n en unken rockmyt\u201d\n\t\t<\/span><\/div>","aioseo_breadcrumb_json":[{"label":"Home","link":"https:\/\/www.odpod.se"},{"label":"Podcast","link":"https:\/\/www.odpod.se\/index.php\/category\/nya-odpod\/"},{"label":"Podcast #64: &#8221;Allt stammar fr\u00e5n en unken rockmyt&#8221;","link":"https:\/\/www.odpod.se\/index.php\/2012\/03\/podcast-64-allt-stammar-fran-en-unken-rockmyt\/"}],"_links":{"self":[{"href":"https:\/\/www.odpod.se\/index.php\/wp-json\/wp\/v2\/posts\/1047","targetHints":{"allow":["GET"]}}],"collection":[{"href":"https:\/\/www.odpod.se\/index.php\/wp-json\/wp\/v2\/posts"}],"about":[{"href":"https:\/\/www.odpod.se\/index.php\/wp-json\/wp\/v2\/types\/post"}],"author":[{"embeddable":true,"href":"https:\/\/www.odpod.se\/index.php\/wp-json\/wp\/v2\/users\/6"}],"replies":[{"embeddable":true,"href":"https:\/\/www.odpod.se\/index.php\/wp-json\/wp\/v2\/comments?post=1047"}],"version-history":[{"count":14,"href":"https:\/\/www.odpod.se\/index.php\/wp-json\/wp\/v2\/posts\/1047\/revisions"}],"predecessor-version":[{"id":2002,"href":"https:\/\/www.odpod.se\/index.php\/wp-json\/wp\/v2\/posts\/1047\/revisions\/2002"}],"wp:attachment":[{"href":"https:\/\/www.odpod.se\/index.php\/wp-json\/wp\/v2\/media?parent=1047"}],"wp:term":[{"taxonomy":"category","embeddable":true,"href":"https:\/\/www.odpod.se\/index.php\/wp-json\/wp\/v2\/categories?post=1047"},{"taxonomy":"post_tag","embeddable":true,"href":"https:\/\/www.odpod.se\/index.php\/wp-json\/wp\/v2\/tags?post=1047"}],"curies":[{"name":"wp","href":"https:\/\/api.w.org\/{rel}","templated":true}]}}