{"id":741,"date":"2011-09-30T00:09:42","date_gmt":"2011-09-29T22:09:42","guid":{"rendered":"http:\/\/www.odpod.se\/?p=741"},"modified":"2013-09-18T01:00:39","modified_gmt":"2013-09-17T21:00:39","slug":"podcast-50-torra-mazariner","status":"publish","type":"post","link":"http:\/\/www.odpod.se\/index.php\/2011\/09\/podcast-50-torra-mazariner\/","title":{"rendered":"Podcast #50: \u201cDe kan sitta d\u00e4r med torra mazariner och lyssna p\u00e5 dragspel\u201d"},"content":{"rendered":"<p><img loading=\"lazy\" decoding=\"async\" src=\"http:\/\/www.odpod.se\/wp-content\/uploads\/2011\/09\/50personofinterest.jpg\" alt=\"Person of Interest\" width=\"670\" height=\"223\" class=\"alignnone size-full wp-image-2048\" srcset=\"http:\/\/www.odpod.se\/wp-content\/uploads\/2011\/09\/50personofinterest.jpg 670w, http:\/\/www.odpod.se\/wp-content\/uploads\/2011\/09\/50personofinterest-150x49.jpg 150w\" sizes=\"auto, (max-width: 670px) 100vw, 670px\" \/><br \/>\n<b><u>2011-09-30:<\/b><\/u> TV-h\u00f6sten har brakat ig\u00e5ng och veckans avsnitt av Obiter Dictum tittar n\u00e4rmare p\u00e5 tv\u00e5 pilotavsnitt av nya serier: \u00bbPerson of Interest\u00ab och \u00bbTerra Nova\u00ab. En av dem g\u00f6r \u00e5tminstone h\u00e4lften av redaktionen besviken medan den andra lovar fullt av potential om den v\u00e4ljer att ta r\u00e4tt utveckling. Med nya \u00bbPan Am\u00ab i luften undrar vi ocks\u00e5 varf\u00f6r serier som den, \u00bbMad Men\u00ab och \u00bbThe Hour\u00ab v\u00e4ljer just ett mytiskt 50- och 60-tal att skildra. Vad \u00e4r det i den eran som \u00e4r s\u00e5 tacksamt f\u00f6r TV? Medverkar i avsnittet g\u00f6r <b>Billy Rimgard<\/b> och <b>Tobias Norstr\u00f6m<\/b>.<\/p>\n<p><a href=\"http:\/\/odpod.no-ip.org\/Obiter_Dictum-2011-09-30-Avsnitt_50.mp3\">Ladda ner som mp3<\/a><br \/>\n<a href=\"http:\/\/phobos.apple.com\/WebObjects\/MZStore.woa\/wa\/viewPodcast?id=362341950\">Prenumerera i iTunes<\/a><br \/>\n<a href=\"http:\/\/odpod.no-ip.org\/odpod.xml\" target=\"_blank\">Prenumerera i annat program (rss)<\/a><\/p>\n<p>Lyssna direkt:<br \/>\n<audio class=\"wp-audio-shortcode\" id=\"audio-741-1\" preload=\"none\" style=\"width: 100%;\" controls=\"controls\"><source type=\"audio\/mpeg\" src=\"http:\/\/odpod.no-ip.org\/Obiter_Dictum-2011-09-30-Avsnitt_50.mp3?_=1\" \/><a href=\"http:\/\/odpod.no-ip.org\/Obiter_Dictum-2011-09-30-Avsnitt_50.mp3\">http:\/\/odpod.no-ip.org\/Obiter_Dictum-2011-09-30-Avsnitt_50.mp3<\/a><\/audio><\/p>\n<p><!--more--><\/p>\n<p><a href=\"http:\/\/www.facebook.com\/pages\/Obiter-Dictum-podcast\/103901622974003\" target=\"_blank\">F\u00f6lj oss p\u00e5 Facebook<\/a>. <\/p>\n<p><b><u>AVSNITTETS L\u00c4NKAR:<\/b><\/u><br \/>\nN\u00e4sta b-film att se \u00e4r \u00bbA Boy and His Dog\u00ab. <a href=\"http:\/\/thepiratebay.org\/torrent\/5108661\/A_Boy_and_His_Dog\" target=\"_blank\">Den finns naturligtvis i sj\u00f6n<\/a>. <a href=\"http:\/\/www.youtube.com\/watch?v=ee925OTFBCA\" target=\"_blank\">\u00c4r det h\u00e4r den snyggaste gr\u00e5ten hittills?<\/a> Tobias kan inte sluta prata om <a href=\"http:\/\/www.youtube.com\/watch?v=KBiOF3y1W0Y\" target=\"_blank\">\u00bbDriver\u00ab<\/a>. Det finns en <a href=\"http:\/\/screenrant.com\/dc-new-52-comics-benm-130014\/\" target=\"_blank\">guide till \u00bbNew 52\u00ab<\/a> Det finns f\u00f6rst\u00e5s trailers b\u00e5de f\u00f6r <a href=\"http:\/\/www.youtube.com\/watch?v=bCM14jNOYcQ\" target=\"_blank\">\u00bbPerson of Interest\u00ab<\/a> och <a href=\"http:\/\/www.youtube.com\/watch?v=p6o-Fzg4d0Y\" target=\"_blank\">\u00bbTerra Nova\u00ab<\/a>.<\/p>\n<p>POST SCRIPTUM: Tobias tipsar om f\u00f6rsta sp\u00e5ret fr\u00e5n <b>Tim Hecker<\/b>s <a href=\"http:\/\/tobias.devotionmagazine.se\/2011\/09\/28\/tappade-pianon\/\" target=\"_blank\">kommande album<\/a>. Billy hittar mycket l\u00e4sv\u00e4rt i On The Medias <a href=\"http:\/\/www.onthemedia.org\/tags\/hack_week\/\" target=\"_blank\">\u00bbHack Week\u00ab<\/a>.<\/p>\n","protected":false},"excerpt":{"rendered":"<p>2011-09-30: TV-h\u00f6sten har brakat ig\u00e5ng och veckans avsnitt av Obiter Dictum tittar n\u00e4rmare p\u00e5 tv\u00e5 pilotavsnitt av nya serier: \u00bbPerson of Interest\u00ab och \u00bbTerra Nova\u00ab. En av dem g\u00f6r \u00e5tminstone h\u00e4lften av redaktionen besviken medan den andra lovar fullt av potential om den v\u00e4ljer att ta r\u00e4tt utveckling. Med nya \u00bbPan Am\u00ab i luften undrar [&hellip;]<\/p>\n","protected":false},"author":6,"featured_media":0,"comment_status":"open","ping_status":"open","sticky":false,"template":"","format":"standard","meta":{"_genesis_hide_title":false,"_genesis_hide_breadcrumbs":false,"_genesis_hide_singular_image":false,"_genesis_hide_footer_widgets":false,"_genesis_custom_body_class":"","_genesis_custom_post_class":"","_genesis_layout":"","footnotes":""},"categories":[10],"tags":[],"class_list":{"0":"post-741","1":"post","2":"type-post","3":"status-publish","4":"format-standard","6":"category-nya-odpod","7":"entry"},"aioseo_notices":[],"_links":{"self":[{"href":"http:\/\/www.odpod.se\/index.php\/wp-json\/wp\/v2\/posts\/741","targetHints":{"allow":["GET"]}}],"collection":[{"href":"http:\/\/www.odpod.se\/index.php\/wp-json\/wp\/v2\/posts"}],"about":[{"href":"http:\/\/www.odpod.se\/index.php\/wp-json\/wp\/v2\/types\/post"}],"author":[{"embeddable":true,"href":"http:\/\/www.odpod.se\/index.php\/wp-json\/wp\/v2\/users\/6"}],"replies":[{"embeddable":true,"href":"http:\/\/www.odpod.se\/index.php\/wp-json\/wp\/v2\/comments?post=741"}],"version-history":[{"count":13,"href":"http:\/\/www.odpod.se\/index.php\/wp-json\/wp\/v2\/posts\/741\/revisions"}],"predecessor-version":[{"id":2051,"href":"http:\/\/www.odpod.se\/index.php\/wp-json\/wp\/v2\/posts\/741\/revisions\/2051"}],"wp:attachment":[{"href":"http:\/\/www.odpod.se\/index.php\/wp-json\/wp\/v2\/media?parent=741"}],"wp:term":[{"taxonomy":"category","embeddable":true,"href":"http:\/\/www.odpod.se\/index.php\/wp-json\/wp\/v2\/categories?post=741"},{"taxonomy":"post_tag","embeddable":true,"href":"http:\/\/www.odpod.se\/index.php\/wp-json\/wp\/v2\/tags?post=741"}],"curies":[{"name":"wp","href":"https:\/\/api.w.org\/{rel}","templated":true}]}}