{"id":210,"date":"2010-05-21T01:21:25","date_gmt":"2010-05-20T23:21:25","guid":{"rendered":"http:\/\/www.odpod.se\/?p=210"},"modified":"2014-08-20T14:00:12","modified_gmt":"2014-08-20T10:00:12","slug":"podcast-10-vi-borde-prata-om-proggens-skuld","status":"publish","type":"post","link":"http:\/\/www.odpod.se\/index.php\/2010\/05\/podcast-10-vi-borde-prata-om-proggens-skuld\/","title":{"rendered":"Avsnitt 10: &#8221;Vi borde prata om proggens skuld&#8221;"},"content":{"rendered":"<p><img loading=\"lazy\" decoding=\"async\" src=\"http:\/\/www.odpod.se\/wp-content\/uploads\/2010\/05\/pagrotsky.jpg\" alt=\"\" title=\"pagrotsky\" width=\"150\" height=\"211\" class=\"alignright\"\/><i><b>2010-05-21:<\/i><\/b> Valr\u00f6relsen har b\u00f6rjat och f\u00f6r att reda ut politikens koppling till popkulturen f\u00f6rst\u00e4rks Obiter Dictum med veckans g\u00e4st <b>Daniel Wiklander<\/b>. Varf\u00f6r \u00e4r det egentligen s\u00e5 f\u00e5 svenska artister som aktivt blandar sig i valr\u00f6relsen? Vi tar avstamp i den p\u00e5g\u00e5ende konflikten p\u00e5 Berns och funderar p\u00e5 om proggen f\u00f6rst\u00f6rde den politiskt aktiva artisten h\u00e4r till skillnad fr\u00e5n i andra l\u00e4nder. En av de mest k\u00e4nda popkulturskildringarna av politiskt liv \u00e4r \u00bbWest Wing\u00ab &#8211; skulle det g\u00e5 att g\u00f6ra n\u00e5got liknande i en svensk milj\u00f6? Och hur skulle man i brist p\u00e5 Toby Ziegler kunna g\u00f6ra det attraktivt? \u00d6vriga medverkande \u00e4r <b>Tobias Norstr\u00f6m<\/b> och <b>Billy Rimgard<\/b>.<\/p>\n<p><a href=\"http:\/\/odpod.no-ip.org\/Obiter_Dictum-2010-05-21-Avsnitt_10.mp3\">Klicka f\u00f6r att ladda ner<\/a> eller, \u00e4nnu b\u00e4ttre, <br \/><a href=\"http:\/\/phobos.apple.com\/WebObjects\/MZStore.woa\/wa\/viewPodcast?id=362341950\">prenumerera p\u00e5 podcasten via iTunes<\/a>. <\/p>\n<p>Du kan ocks\u00e5 lyssna p\u00e5 den direkt h\u00e4r:<\/p>\n<audio class=\"wp-audio-shortcode\" id=\"audio-210-1\" preload=\"none\" style=\"width: 100%;\" controls=\"controls\"><source type=\"audio\/mpeg\" src=\"http:\/\/odpod.no-ip.org\/Obiter_Dictum-2010-05-21-Avsnitt_10.mp3?_=1\" \/><a href=\"http:\/\/odpod.no-ip.org\/Obiter_Dictum-2010-05-21-Avsnitt_10.mp3\">http:\/\/odpod.no-ip.org\/Obiter_Dictum-2010-05-21-Avsnitt_10.mp3<\/a><\/audio>\n<p><!--more--><\/p>\n<p><a href=\"http:\/\/www.facebook.com\/pages\/Obiter-Dictum-podcast\/103901622974003\" target=\"_blank\">F\u00f6lj oss p\u00e5 Facebook<\/a>. <\/p>\n<p><img loading=\"lazy\" decoding=\"async\" class=\"alignnone size-full wp-image-29\" title=\"streck\" src=\"http:\/\/www.odpod.se\/wp-content\/uploads\/2010\/02\/border2.jpg\" alt=\"\" width=\"570\" height=\"1\" \/><\/p>\n<p><i><b>Avsnittets l\u00e4nkar:<\/i><\/b><\/p>\n<p>POST SCRIPTUM: <b>Rick Mayall<\/b> gjorde parodin om 80-talets konservatism i <a href=\"http:\/\/www.imdb.com\/title\/tt0094519\/\" target=\"_blank\">\u00bbThe New Statesman\u00ab<\/a>. Dokument\u00e4ren om 70-talets radikala aktivister heter som organisationen, <a href=\"http:\/\/www.imdb.com\/title\/tt0343168\/\" target=\"_blank\">\u00bbThe Weather Underground\u00ab<\/a>. Boken innifr\u00e5n de amerikanska presidentvalskampanjerna heter <a href=\"http:\/\/www.adlibris.com\/se\/product.aspx?isbn=0670021113\" target=\"_blank\">\u00bbThe Battle For America 2008\u00ab<\/a>.<\/p>\n<p><img loading=\"lazy\" decoding=\"async\" class=\"alignnone size-full wp-image-29\" title=\"streck\" src=\"http:\/\/www.odpod.se\/wp-content\/uploads\/2010\/02\/border2.jpg\" alt=\"\" width=\"308\" height=\"3\" srcset=\"http:\/\/www.odpod.se\/wp-content\/uploads\/2010\/02\/border2.jpg 308w, http:\/\/www.odpod.se\/wp-content\/uploads\/2010\/02\/border2-300x2.jpg 300w\" sizes=\"auto, (max-width: 308px) 100vw, 308px\" \/><\/p>\n","protected":false},"excerpt":{"rendered":"<p>2010-05-21: Valr\u00f6relsen har b\u00f6rjat och f\u00f6r att reda ut politikens koppling till popkulturen f\u00f6rst\u00e4rks Obiter Dictum med veckans g\u00e4st Daniel Wiklander. Varf\u00f6r \u00e4r det egentligen s\u00e5 f\u00e5 svenska artister som aktivt blandar sig i valr\u00f6relsen? Vi tar avstamp i den p\u00e5g\u00e5ende konflikten p\u00e5 Berns och funderar p\u00e5 om proggen f\u00f6rst\u00f6rde den politiskt aktiva artisten h\u00e4r [&hellip;]<\/p>\n","protected":false},"author":6,"featured_media":0,"comment_status":"open","ping_status":"open","sticky":false,"template":"","format":"standard","meta":{"_genesis_hide_title":false,"_genesis_hide_breadcrumbs":false,"_genesis_hide_singular_image":false,"_genesis_hide_footer_widgets":false,"_genesis_custom_body_class":"","_genesis_custom_post_class":"","_genesis_layout":"","footnotes":""},"categories":[10],"tags":[],"class_list":{"0":"post-210","1":"post","2":"type-post","3":"status-publish","4":"format-standard","6":"category-nya-odpod","7":"entry"},"aioseo_notices":[],"_links":{"self":[{"href":"http:\/\/www.odpod.se\/index.php\/wp-json\/wp\/v2\/posts\/210","targetHints":{"allow":["GET"]}}],"collection":[{"href":"http:\/\/www.odpod.se\/index.php\/wp-json\/wp\/v2\/posts"}],"about":[{"href":"http:\/\/www.odpod.se\/index.php\/wp-json\/wp\/v2\/types\/post"}],"author":[{"embeddable":true,"href":"http:\/\/www.odpod.se\/index.php\/wp-json\/wp\/v2\/users\/6"}],"replies":[{"embeddable":true,"href":"http:\/\/www.odpod.se\/index.php\/wp-json\/wp\/v2\/comments?post=210"}],"version-history":[{"count":15,"href":"http:\/\/www.odpod.se\/index.php\/wp-json\/wp\/v2\/posts\/210\/revisions"}],"predecessor-version":[{"id":2331,"href":"http:\/\/www.odpod.se\/index.php\/wp-json\/wp\/v2\/posts\/210\/revisions\/2331"}],"wp:attachment":[{"href":"http:\/\/www.odpod.se\/index.php\/wp-json\/wp\/v2\/media?parent=210"}],"wp:term":[{"taxonomy":"category","embeddable":true,"href":"http:\/\/www.odpod.se\/index.php\/wp-json\/wp\/v2\/categories?post=210"},{"taxonomy":"post_tag","embeddable":true,"href":"http:\/\/www.odpod.se\/index.php\/wp-json\/wp\/v2\/tags?post=210"}],"curies":[{"name":"wp","href":"https:\/\/api.w.org\/{rel}","templated":true}]}}